{"id":210598,"date":"2026-09-04T00:01:50","date_gmt":"2026-09-04T06:01:50","guid":{"rendered":"https:\/\/www.agenciare.site\/index\/?p=210598"},"modified":"2026-09-04T00:01:50","modified_gmt":"2026-09-04T06:01:50","slug":"anuncia-san-pedro-tarifas-preferenciales-en-estacionamientos-del-centrito","status":"publish","type":"post","link":"https:\/\/www.agenciare.site\/index\/archivos\/210598","title":{"rendered":"Anuncia San Pedro tarifas preferenciales en estacionamientos del Centrito"},"content":{"rendered":"<header class=\"cm-entry-header\"><\/header>\n<div class=\"cm-entry-summary\">\n<ul>\n<li><strong>Comerciantes y visitantes podr\u00e1n acceder a esquemas especiales de estacionamiento de corta y larga estancia, y clientes de negocios afiliados a Vuelve a Centrito tendr\u00e1n la primera hora gratis en el uso de parqu\u00edmetros.<\/strong><\/li>\n<\/ul>\n<p>&nbsp;<\/p>\n<p>&nbsp;<\/p>\n<p>Como parte de las acciones para impulsar la actividad comercial y facilitar la llegada de visitantes al Centrito Valle, el municipio de San Pedro Garza Garc\u00eda anunci\u00f3 que los clientes de los negocios afiliados al programa \u201cVuelve a Centrito\u201d obtendr\u00e1n gratis la primera hora de estacionamiento en parqu\u00edmetros.<\/p>\n<p>El alcalde Mauricio Farah Giacom\u00e1n inform\u00f3 que el beneficio contempla dos vertientes: ofrecer alternativas de larga estancia a precios preferenciales para quienes trabajan diariamente en el sector y destinar los espacios de parqu\u00edmetro principalmente a clientes y visitantes de corta estancia.<\/p>\n<p>\u201cEstamos solucionando dos cosas, de parte de toda la gente que trabaja aqu\u00ed y que labora aqu\u00ed, pues, bueno, que pueda tener una pensi\u00f3n accesible, y por parte de los clientes que, pues, que quieran venir, que pueda haber estacionamientos y que tengan este beneficio de que la primera hora no paguen\u201d, explic\u00f3 el Alcalde.<\/p>\n<p>Los beneficios comenzar\u00e1n a aplicarse en octubre, como parte de una estrategia conjunta con Kigo, empresa encargada de la gesti\u00f3n de parqu\u00edmetros en el municipio.<\/p>\n<p>El Secretario General de San Pedro, Luis Susarrey, explic\u00f3 que la medida busca atender una de las principales necesidades manifestadas por comerciantes y visitantes de la zona: contar con mayor disponibilidad de espacios de estacionamiento.<\/p>\n<p>\u201cLo que queremos es que el estacionamiento no sea un problema para quienes vienen al Centrito. Estamos solucionando dos cosas: que la gente que trabaja aqu\u00ed pueda tener una pensi\u00f3n accesible y que los clientes que quieran venir encuentren estacionamiento y tengan el beneficio de que la primera hora no la paguen\u201d, se\u00f1al\u00f3.<\/p>\n<p>Carlos Anaya, CEO de Kigo, resalt\u00f3 la colaboraci\u00f3n con la administraci\u00f3n municipal y enfatiz\u00f3 que San Pedro Garza Garc\u00eda se ha colocado como referente nacional en el mecanismo que utiliza para el pago de parqu\u00edmetros.<\/p>\n<p>\u201cLo que buscamos es precisamente traer tecnolog\u00eda para hacer alianzas y equipo con municipios innovadores, disruptores, como es el caso de San Pedro, y, bueno, que es para nosotros un verdadero orgullo poder permitir que los sampetrinos, que son ejemplo a nivel nacional en adopci\u00f3n de tecnolog\u00eda, en innovaciones limpias\u201d, dijo.<\/p>\n<p>Para acceder a los beneficios, los establecimientos deber\u00e1n estar afiliados al programa \u201cVuelve a Centrito\u201d, en https:\/\/vuelveacentrito.sanpedro.gob.mx\/afiliate-a-centrito, para recibir un distintivo y otorgar a sus clientes un c\u00f3digo QR que les permitir\u00e1 obtener la primera hora gratuita a trav\u00e9s de la aplicaci\u00f3n de Kigo.<\/p>\n<p>Asimismo, los comercios y trabajadores podr\u00e1n acceder a tarifas preferenciales en pensiones y estacionamientos gestionados por Kigo.<\/p>\n<p><img data-recalc-dims=\"1\" loading=\"lazy\" decoding=\"async\" class=\"alignnone wp-image-210600 size-full\" src=\"https:\/\/i0.wp.com\/www.agenciare.site\/index\/wp-content\/uploads\/2026\/09\/IMG-20260903-WA0103-1536x1072-1.jpg?resize=640%2C447\" alt=\"\" width=\"640\" height=\"447\" srcset=\"https:\/\/i0.wp.com\/www.agenciare.site\/index\/wp-content\/uploads\/2026\/09\/IMG-20260903-WA0103-1536x1072-1.jpg?w=1536&amp;ssl=1 1536w, https:\/\/i0.wp.com\/www.agenciare.site\/index\/wp-content\/uploads\/2026\/09\/IMG-20260903-WA0103-1536x1072-1.jpg?resize=768%2C536&amp;ssl=1 768w, https:\/\/i0.wp.com\/www.agenciare.site\/index\/wp-content\/uploads\/2026\/09\/IMG-20260903-WA0103-1536x1072-1.jpg?w=1280 1280w\" sizes=\"auto, (max-width: 640px) 100vw, 640px\" \/><\/p>\n<\/div>\n","protected":false},"excerpt":{"rendered":"<p>Comerciantes y visitantes podr\u00e1n acceder a esquemas especiales de estacionamiento de corta y larga estancia, y clientes de negocios afiliados a Vuelve a Centrito tendr\u00e1n la primera hora gratis en el uso de parqu\u00edmetros. &nbsp; &nbsp; Como parte de las acciones para impulsar la actividad comercial y facilitar la llegada de visitantes al Centrito Valle, el municipio de San Pedro Garza Garc\u00eda anunci\u00f3 que los clientes de los negocios afiliados al programa \u201cVuelve a Centrito\u201d obtendr\u00e1n gratis la primera hora de estacionamiento en parqu\u00edmetros. El alcalde Mauricio Farah Giacom\u00e1n inform\u00f3&hellip;<\/p>\n","protected":false},"author":3,"featured_media":210599,"comment_status":"open","ping_status":"open","sticky":false,"template":"","format":"standard","meta":{"_jetpack_newsletter_access":"","_jetpack_dont_email_post_to_subs":false,"_jetpack_newsletter_tier_id":0,"_jetpack_memberships_contains_paywalled_content":false,"_jetpack_feature_clip_id":0,"_jetpack_memberships_contains_paid_content":false,"footnotes":"","jetpack_post_was_ever_published":false},"categories":[32,1],"tags":[],"class_list":["post-210598","post","type-post","status-publish","format-standard","has-post-thumbnail","hentry","category-economia","category-locales"],"gutentor_comment":0,"jetpack_sharing_enabled":true,"jetpack_featured_media_url":"https:\/\/i0.wp.com\/www.agenciare.site\/index\/wp-content\/uploads\/2026\/09\/IMG-20260903-WA0100-800x445-1.jpg?fit=800%2C445&ssl=1","_links":{"self":[{"href":"https:\/\/www.agenciare.site\/index\/wp-json\/wp\/v2\/posts\/210598","targetHints":{"allow":["GET"]}}],"collection":[{"href":"https:\/\/www.agenciare.site\/index\/wp-json\/wp\/v2\/posts"}],"about":[{"href":"https:\/\/www.agenciare.site\/index\/wp-json\/wp\/v2\/types\/post"}],"author":[{"embeddable":true,"href":"https:\/\/www.agenciare.site\/index\/wp-json\/wp\/v2\/users\/3"}],"replies":[{"embeddable":true,"href":"https:\/\/www.agenciare.site\/index\/wp-json\/wp\/v2\/comments?post=210598"}],"version-history":[{"count":1,"href":"https:\/\/www.agenciare.site\/index\/wp-json\/wp\/v2\/posts\/210598\/revisions"}],"predecessor-version":[{"id":210601,"href":"https:\/\/www.agenciare.site\/index\/wp-json\/wp\/v2\/posts\/210598\/revisions\/210601"}],"wp:featuredmedia":[{"embeddable":true,"href":"https:\/\/www.agenciare.site\/index\/wp-json\/wp\/v2\/media\/210599"}],"wp:attachment":[{"href":"https:\/\/www.agenciare.site\/index\/wp-json\/wp\/v2\/media?parent=210598"}],"wp:term":[{"taxonomy":"category","embeddable":true,"href":"https:\/\/www.agenciare.site\/index\/wp-json\/wp\/v2\/categories?post=210598"},{"taxonomy":"post_tag","embeddable":true,"href":"https:\/\/www.agenciare.site\/index\/wp-json\/wp\/v2\/tags?post=210598"}],"curies":[{"name":"wp","href":"https:\/\/api.w.org\/{rel}","templated":true}]}}