{"id":210588,"date":"2026-09-03T23:53:06","date_gmt":"2026-09-04T05:53:06","guid":{"rendered":"https:\/\/www.agenciare.site\/index\/?p=210588"},"modified":"2026-09-03T23:53:06","modified_gmt":"2026-09-04T05:53:06","slug":"celebra-ieepcnl-mesa-voces-nacionales-por-la-democracia","status":"publish","type":"post","link":"https:\/\/www.agenciare.site\/index\/archivos\/210588","title":{"rendered":"Celebra IEEPCNL Mesa Voces Nacionales por la Democracia"},"content":{"rendered":"<p>El Instituto Estatal Electoral y de Participaci\u00f3n Ciudadana de Nuevo Le\u00f3n (IEEPCNL) llev\u00f3 a cabo la <em>Mesa Redonda Voces Nacionales por la Democracia: Experiencias desde las Asociaciones Electorales<\/em>, en el marco de las actividades conmemorativas por sus 30 a\u00f1os de autonom\u00eda.<\/p>\n<p>&nbsp;<\/p>\n<p>La Consejera Presidenta del IEEPCNL, Beatriz Adriana Camacho Carrasco dio la bienvenida a las y los panelistas, representantes de diversas asociaciones electorales, y reconoci\u00f3 su labor en el fortalecimiento de los Organismos P\u00fablicos Locales Electorales (OPLE) y del sistema democr\u00e1tico.<\/p>\n<p>&nbsp;<\/p>\n<p>\u201cEn este marco de memoria y futuro, nos honra profundamente la presencia de las asociaciones nacionales que hoy nos acompa\u00f1an. Redes vivas integradas por consejeras y consejeros electorales de todos los estados de la Rep\u00fablica, cuya verdadera fuerza radica precisamente en esa rica diversidad regional y en el compromiso inquebrantable que cada una sostiene en sus propios ejes de acci\u00f3n\u201d, expres\u00f3 Camacho Carrasco este 3 de septiembre.<\/p>\n<p><img data-recalc-dims=\"1\" loading=\"lazy\" decoding=\"async\" class=\"alignnone wp-image-210589 size-full\" src=\"https:\/\/i0.wp.com\/www.agenciare.site\/index\/wp-content\/uploads\/2026\/09\/i-9nxGtjX-XL.jpg?resize=640%2C427\" alt=\"\" width=\"640\" height=\"427\" srcset=\"https:\/\/i0.wp.com\/www.agenciare.site\/index\/wp-content\/uploads\/2026\/09\/i-9nxGtjX-XL.jpg?w=1024&amp;ssl=1 1024w, https:\/\/i0.wp.com\/www.agenciare.site\/index\/wp-content\/uploads\/2026\/09\/i-9nxGtjX-XL.jpg?resize=768%2C512&amp;ssl=1 768w\" sizes=\"auto, (max-width: 640px) 100vw, 640px\" \/><\/p>\n<p>Por su parte, la Consejera Electoral del IEEPCNL, Martha Magdalena Mart\u00ednez Garza, moder\u00f3 el encuentro y resalt\u00f3 la importancia de reflexionar sobre los avances, retos y las experiencias que han acompa\u00f1ado el desarrollo de las instituciones electorales desde lo local.<\/p>\n<p>&nbsp;<\/p>\n<p>\u201cEn este camino las asociaciones y las redes nacionales han surgido y madurado como plataformas fundamentales de esta articulaci\u00f3n fundamental, impulsando agendas comunes en favor de un sistema electoral cada vez m\u00e1s s\u00f3lido, una cultura c\u00edvica incluyente y una ciudadan\u00eda m\u00e1s participativa\u201d, coment\u00f3 Mart\u00ednez Garza, en la Sala de Sesiones del Instituto.<\/p>\n<p>&nbsp;<\/p>\n<p>En la mesa participaron Roberto Herrera Hern\u00e1ndez, Consejero Presidente del OPLE de Durango y Presidente de la Asociaci\u00f3n de Instituciones Electorales de las Entidades Federativas (AIEEF); y Alma Lorena Alonso Valdivia, Consejera Electoral del OPLE de Sonora y Presidenta de la Asociaci\u00f3n Mexicana de Consejeras Estatales Electorales, A.C. (AMCEE).<\/p>\n<p>&nbsp;<\/p>\n<p>Tambi\u00e9n, intervinieron Claudia Alejandra Vargas Bautista, Consejera Electoral del OPLE de Jalisco y Presidenta de la Red Nacional de Ciudadan\u00eda y Organizaciones por la Educaci\u00f3n C\u00edvica (RED C\u00cdVICA); y Hern\u00e1n Gonz\u00e1lez Sala, Consejero Electoral del OPLE de Tabasco y Tesorero de la Red Nacional de Consejeras y Consejeros Electorales por una Democracia Incluyente (RENACEDI).<\/p>\n<p>&nbsp;<\/p>\n<p>Durante sus intervenciones, abordaron temas relacionados con la reforma electoral de 2014, el presupuesto de los organismos electorales, la paridad, la seguridad de las candidaturas, los liderazgos de grupos prioritarios, la participaci\u00f3n ciudadana y la educaci\u00f3n c\u00edvica.<\/p>\n<p>&nbsp;<\/p>\n<p>\u201cEl proceso electoral en cada entidad federativa lo hacemos todos, es muy importante el presupuesto, que los partidos pol\u00edticos cumplan con la ley\u201d, indic\u00f3 Herrera Hern\u00e1ndez a la reflexi\u00f3n.<\/p>\n<p>&nbsp;<\/p>\n<p>\u201cEl gran desaf\u00edo no es llegar nada m\u00e1s a la paridad num\u00e9rica, a la igualdad formal, sino lograr las mejores condiciones para que las mujeres lleguemos a los cargos de elecci\u00f3n popular\u201d, enfatiz\u00f3 Alonso Valdivia.<\/p>\n<p>&nbsp;<\/p>\n<p>\u201cLa formaci\u00f3n de ciudadan\u00eda no parte solo de invitarles y convencerles de ir a votar en las elecciones, la cultura democr\u00e1tica se vive todos los d\u00edas despu\u00e9s de ir a una urna\u201d, destac\u00f3 Vargas Bautista.<\/p>\n<p>&nbsp;<\/p>\n<p>\u201cRENACEDI naci\u00f3 en el 2020 por la preocupaci\u00f3n de impulsar y nutrir las autoridades de forma m\u00e1s inclusiva\u201d, comparti\u00f3 Gonz\u00e1lez Sala.<\/p>\n<p>&nbsp;<\/p>\n<p>Asimismo, las y los participantes felicitaron al IEEPCNL por sus 30 a\u00f1os de autonom\u00eda y reconocieron su labor en favor de la democracia.<\/p>\n<p>&nbsp;<\/p>\n<p>El evento cont\u00f3 con la asistencia de las Consejer\u00edas Electorales del IEEPCNL, Mar\u00eda Guadalupe T\u00e9llez P\u00e9rez, Alejandra Esquivel Quintero, Carlos Alberto Pi\u00f1a Loredo, Michael Alberto Banda Espinosa y Diego Aar\u00f3n G\u00f3mez Herrera; y de Lidia Lizbeth Lozano Ya\u00f1ez, Encargada del Despacho de la Secretar\u00eda Ejecutiva del organismo.<\/p>\n<p><img data-recalc-dims=\"1\" loading=\"lazy\" decoding=\"async\" class=\"alignnone wp-image-210590 size-full\" src=\"https:\/\/i0.wp.com\/www.agenciare.site\/index\/wp-content\/uploads\/2026\/09\/i-K7CJ5gw-M.jpg?resize=599%2C255\" alt=\"\" width=\"599\" height=\"255\" \/><\/p>\n","protected":false},"excerpt":{"rendered":"<p>El Instituto Estatal Electoral y de Participaci\u00f3n Ciudadana de Nuevo Le\u00f3n (IEEPCNL) llev\u00f3 a cabo la Mesa Redonda Voces Nacionales por la Democracia: Experiencias desde las Asociaciones Electorales, en el marco de las actividades conmemorativas por sus 30 a\u00f1os de autonom\u00eda. &nbsp; La Consejera Presidenta del IEEPCNL, Beatriz Adriana Camacho Carrasco dio la bienvenida a las y los panelistas, representantes de diversas asociaciones electorales, y reconoci\u00f3 su labor en el fortalecimiento de los Organismos P\u00fablicos Locales Electorales (OPLE) y del sistema democr\u00e1tico. &nbsp; \u201cEn este marco de memoria y futuro,&hellip;<\/p>\n","protected":false},"author":3,"featured_media":210591,"comment_status":"open","ping_status":"open","sticky":false,"template":"","format":"standard","meta":{"_jetpack_newsletter_access":"","_jetpack_dont_email_post_to_subs":false,"_jetpack_newsletter_tier_id":0,"_jetpack_memberships_contains_paywalled_content":false,"_jetpack_feature_clip_id":0,"_jetpack_memberships_contains_paid_content":false,"footnotes":"","jetpack_post_was_ever_published":false},"categories":[1],"tags":[],"class_list":["post-210588","post","type-post","status-publish","format-standard","has-post-thumbnail","hentry","category-locales"],"gutentor_comment":0,"jetpack_sharing_enabled":true,"jetpack_featured_media_url":"https:\/\/i0.wp.com\/www.agenciare.site\/index\/wp-content\/uploads\/2026\/09\/i-Qs68jTZ-X2.jpg?fit=1279%2C476&ssl=1","_links":{"self":[{"href":"https:\/\/www.agenciare.site\/index\/wp-json\/wp\/v2\/posts\/210588","targetHints":{"allow":["GET"]}}],"collection":[{"href":"https:\/\/www.agenciare.site\/index\/wp-json\/wp\/v2\/posts"}],"about":[{"href":"https:\/\/www.agenciare.site\/index\/wp-json\/wp\/v2\/types\/post"}],"author":[{"embeddable":true,"href":"https:\/\/www.agenciare.site\/index\/wp-json\/wp\/v2\/users\/3"}],"replies":[{"embeddable":true,"href":"https:\/\/www.agenciare.site\/index\/wp-json\/wp\/v2\/comments?post=210588"}],"version-history":[{"count":1,"href":"https:\/\/www.agenciare.site\/index\/wp-json\/wp\/v2\/posts\/210588\/revisions"}],"predecessor-version":[{"id":210592,"href":"https:\/\/www.agenciare.site\/index\/wp-json\/wp\/v2\/posts\/210588\/revisions\/210592"}],"wp:featuredmedia":[{"embeddable":true,"href":"https:\/\/www.agenciare.site\/index\/wp-json\/wp\/v2\/media\/210591"}],"wp:attachment":[{"href":"https:\/\/www.agenciare.site\/index\/wp-json\/wp\/v2\/media?parent=210588"}],"wp:term":[{"taxonomy":"category","embeddable":true,"href":"https:\/\/www.agenciare.site\/index\/wp-json\/wp\/v2\/categories?post=210588"},{"taxonomy":"post_tag","embeddable":true,"href":"https:\/\/www.agenciare.site\/index\/wp-json\/wp\/v2\/tags?post=210588"}],"curies":[{"name":"wp","href":"https:\/\/api.w.org\/{rel}","templated":true}]}}