{"id":210573,"date":"2026-09-03T23:20:22","date_gmt":"2026-09-04T05:20:22","guid":{"rendered":"https:\/\/www.agenciare.site\/index\/?p=210573"},"modified":"2026-09-03T23:20:22","modified_gmt":"2026-09-04T05:20:22","slug":"capacita-proteccion-civil-de-monterrey-a-rescatistas-de-galeana","status":"publish","type":"post","link":"https:\/\/www.agenciare.site\/index\/archivos\/210573","title":{"rendered":"Capacita Protecci\u00f3n Civil de Monterrey a rescatistas de Galeana"},"content":{"rendered":"<ul>\n<li><strong>Se imparti\u00f3 un curso especializado en rescate vehicular y atenci\u00f3n prehospitalaria.<\/strong><\/li>\n<\/ul>\n<p>Para fortalecer la coordinaci\u00f3n entre corporaciones de auxilio y promover la prevenci\u00f3n, la Direcci\u00f3n de Protecci\u00f3n Civil de Monterrey imparti\u00f3 un curso especializado en Rescate Vehicular y Atenci\u00f3n Prehospitalaria a personal de Protecci\u00f3n Civil de Galeana.<\/p>\n<p>Daniel Betancourt Salda\u00f1a, Director de Protecci\u00f3n Civil de Monterrey, se\u00f1al\u00f3 que, por instrucciones del alcalde Adri\u00e1n de la Garza, se continua trabajando de manera cercana con otras corporaciones de auxilio para compartir conocimientos y fortalecer sus capacidades de respuesta.<\/p>\n<p>\u201cSiguiendo las instrucciones del alcalde Adri\u00e1n de la Garza, de mantener un gobierno cercano con otras instituciones, estuvimos dando un curso de rescate vehicular y atenci\u00f3n prehospitalaria en el municipio de Galeana\u201d, expres\u00f3.<\/p>\n<p><img data-recalc-dims=\"1\" loading=\"lazy\" decoding=\"async\" class=\"alignnone wp-image-210575 size-full\" src=\"https:\/\/i0.wp.com\/www.agenciare.site\/index\/wp-content\/uploads\/2026\/09\/1-PROTECCION-CIVIL.jpg?resize=640%2C480\" alt=\"\" width=\"640\" height=\"480\" srcset=\"https:\/\/i0.wp.com\/www.agenciare.site\/index\/wp-content\/uploads\/2026\/09\/1-PROTECCION-CIVIL.jpg?w=1079&amp;ssl=1 1079w, https:\/\/i0.wp.com\/www.agenciare.site\/index\/wp-content\/uploads\/2026\/09\/1-PROTECCION-CIVIL.jpg?resize=200%2C150&amp;ssl=1 200w, https:\/\/i0.wp.com\/www.agenciare.site\/index\/wp-content\/uploads\/2026\/09\/1-PROTECCION-CIVIL.jpg?resize=768%2C576&amp;ssl=1 768w\" sizes=\"auto, (max-width: 640px) 100vw, 640px\" \/><\/p>\n<p>La capacitaci\u00f3n tuvo como objetivo homologar criterios de actuaci\u00f3n y actualizar los protocolos de extracci\u00f3n ante accidentes vehiculares, considerando los cambios en la tecnolog\u00eda y construcci\u00f3n de los veh\u00edculos modernos.<\/p>\n<p>Se abordaron temas relacionados con la evaluaci\u00f3n y seguridad de la escena, uso de equipo de protecci\u00f3n personal y herramientas de rescate, control de riesgos, acceso y atenci\u00f3n inicial al paciente, as\u00ed como t\u00e9cnicas de extracci\u00f3n de personas prensadas y atenci\u00f3n prehospitalaria del s\u00edndrome de aplastamiento.<\/p>\n<p>Protecci\u00f3n Civil de Monterrey prev\u00e9 llevar pr\u00f3ximamente estas capacitaciones a los municipios de Allende y Linares, como parte de las acciones de coordinaci\u00f3n con las corporaciones de auxilio que forman parte del Corredor Seguro hacia el sur del Estado.<\/p>\n<div><img data-recalc-dims=\"1\" loading=\"lazy\" decoding=\"async\" class=\"alignnone wp-image-210576 size-full\" src=\"https:\/\/i0.wp.com\/www.agenciare.site\/index\/wp-content\/uploads\/2026\/09\/4-PROTECCION-CIVIL.jpg?resize=640%2C480\" alt=\"\" width=\"640\" height=\"480\" srcset=\"https:\/\/i0.wp.com\/www.agenciare.site\/index\/wp-content\/uploads\/2026\/09\/4-PROTECCION-CIVIL.jpg?w=1079&amp;ssl=1 1079w, https:\/\/i0.wp.com\/www.agenciare.site\/index\/wp-content\/uploads\/2026\/09\/4-PROTECCION-CIVIL.jpg?resize=200%2C150&amp;ssl=1 200w, https:\/\/i0.wp.com\/www.agenciare.site\/index\/wp-content\/uploads\/2026\/09\/4-PROTECCION-CIVIL.jpg?resize=768%2C576&amp;ssl=1 768w\" sizes=\"auto, (max-width: 640px) 100vw, 640px\" \/><\/div>\n","protected":false},"excerpt":{"rendered":"<p>Se imparti\u00f3 un curso especializado en rescate vehicular y atenci\u00f3n prehospitalaria. Para fortalecer la coordinaci\u00f3n entre corporaciones de auxilio y promover la prevenci\u00f3n, la Direcci\u00f3n de Protecci\u00f3n Civil de Monterrey imparti\u00f3 un curso especializado en Rescate Vehicular y Atenci\u00f3n Prehospitalaria a personal de Protecci\u00f3n Civil de Galeana. Daniel Betancourt Salda\u00f1a, Director de Protecci\u00f3n Civil de Monterrey, se\u00f1al\u00f3 que, por instrucciones del alcalde Adri\u00e1n de la Garza, se continua trabajando de manera cercana con otras corporaciones de auxilio para compartir conocimientos y fortalecer sus capacidades de respuesta. \u201cSiguiendo las instrucciones del&hellip;<\/p>\n","protected":false},"author":3,"featured_media":210574,"comment_status":"open","ping_status":"open","sticky":false,"template":"","format":"standard","meta":{"_jetpack_newsletter_access":"","_jetpack_dont_email_post_to_subs":false,"_jetpack_newsletter_tier_id":0,"_jetpack_memberships_contains_paywalled_content":false,"_jetpack_feature_clip_id":0,"_jetpack_memberships_contains_paid_content":false,"footnotes":"","jetpack_post_was_ever_published":false},"categories":[1,29],"tags":[],"class_list":["post-210573","post","type-post","status-publish","format-standard","has-post-thumbnail","hentry","category-locales","category-seguridad"],"gutentor_comment":0,"jetpack_sharing_enabled":true,"jetpack_featured_media_url":"https:\/\/i0.wp.com\/www.agenciare.site\/index\/wp-content\/uploads\/2026\/09\/5-PROTECCION-CIVIL.jpg?fit=1079%2C809&ssl=1","_links":{"self":[{"href":"https:\/\/www.agenciare.site\/index\/wp-json\/wp\/v2\/posts\/210573","targetHints":{"allow":["GET"]}}],"collection":[{"href":"https:\/\/www.agenciare.site\/index\/wp-json\/wp\/v2\/posts"}],"about":[{"href":"https:\/\/www.agenciare.site\/index\/wp-json\/wp\/v2\/types\/post"}],"author":[{"embeddable":true,"href":"https:\/\/www.agenciare.site\/index\/wp-json\/wp\/v2\/users\/3"}],"replies":[{"embeddable":true,"href":"https:\/\/www.agenciare.site\/index\/wp-json\/wp\/v2\/comments?post=210573"}],"version-history":[{"count":1,"href":"https:\/\/www.agenciare.site\/index\/wp-json\/wp\/v2\/posts\/210573\/revisions"}],"predecessor-version":[{"id":210577,"href":"https:\/\/www.agenciare.site\/index\/wp-json\/wp\/v2\/posts\/210573\/revisions\/210577"}],"wp:featuredmedia":[{"embeddable":true,"href":"https:\/\/www.agenciare.site\/index\/wp-json\/wp\/v2\/media\/210574"}],"wp:attachment":[{"href":"https:\/\/www.agenciare.site\/index\/wp-json\/wp\/v2\/media?parent=210573"}],"wp:term":[{"taxonomy":"category","embeddable":true,"href":"https:\/\/www.agenciare.site\/index\/wp-json\/wp\/v2\/categories?post=210573"},{"taxonomy":"post_tag","embeddable":true,"href":"https:\/\/www.agenciare.site\/index\/wp-json\/wp\/v2\/tags?post=210573"}],"curies":[{"name":"wp","href":"https:\/\/api.w.org\/{rel}","templated":true}]}}