{"id":210570,"date":"2026-09-03T23:15:27","date_gmt":"2026-09-04T05:15:27","guid":{"rendered":"https:\/\/www.agenciare.site\/index\/?p=210570"},"modified":"2026-09-03T23:15:27","modified_gmt":"2026-09-04T05:15:27","slug":"no-me-acalambra-y-no-me-va-a-quitar-lorena-de-la-garza","status":"publish","type":"post","link":"https:\/\/www.agenciare.site\/index\/archivos\/210570","title":{"rendered":"&#8220;No me acalambra y no me va a quitar&#8221;: Lorena de la Garza"},"content":{"rendered":"<header class=\"cm-entry-header\">\n<h1 class=\"cm-entry-title\"><span style=\"font-size: 16px;\">La diputada local por Monterrey y Presidenta de la Comisi\u00f3n de Presupuesto, Lorena de la Garza Venecia, respondi\u00f3 al Gobernador Samuel Garc\u00eda luego de que pidiera que fuera removida de la Comisi\u00f3n y lanzara se\u00f1alamientos personales en su contra.<\/span><\/h1>\n<p>&nbsp;<\/p>\n<\/header>\n<div class=\"cm-entry-summary\">\n<p>En la discusi\u00f3n previa por el Presupuesto 2027, Lorena de la Garza se\u00f1al\u00f3 que el tema de fondo sigue siendo el mismo: el Gobierno del Estado quiere contratar 10 mil millones de pesos m\u00e1s de deuda y todav\u00eda no ha explicado con claridad para qu\u00e9 los quiere.<\/p>\n<p>\u201cA m\u00ed eso no me acalambra, a m\u00ed eso no me asusta. Me sorprende que alguien que presume ser tres veces doctor en Derecho desconozca una resoluci\u00f3n de este tipo y, adem\u00e1s, pretenda pasar por encima de la autonom\u00eda del Congreso. Si dice que existe una resoluci\u00f3n firme, que la muestre. Yo no soy empleada del Gobernador y \u00e9l no manda en el Congreso\u201d, afirm\u00f3.<\/p>\n<p>De la Garza insisti\u00f3 en que antes de hablar de un nuevo Presupuesto debe haber un proyecto sobre la mesa, un Tesorero ratificado por el Congreso y cuentas claras sobre el dinero que ya se autoriz\u00f3 y sobre la nueva deuda que se pretende pedir.<\/p>\n<p>\u201cNo estamos en contra de financiar proyectos. Estamos en contra de firmar cheques en blanco. Con Tesorero ratificado, con el compromiso de no vetar y con el destino de cada peso, hay Presupuesto para 2027\u201d, sostuvo.<\/p>\n<p>La Presidenta de la Comisi\u00f3n de Presupuesto afirm\u00f3 que seguir\u00e1 haciendo su trabajo y exigiendo cuentas al Gobierno del Estado, pese a los ataques, y que la discusi\u00f3n debe volver a lo importante: cu\u00e1nto dinero se quiere pedir, para qu\u00e9 y qui\u00e9n va a responder por su uso.<\/p>\n<div class=\"addtoany_share_save_container addtoany_content addtoany_content_bottom\">\n<div class=\"a2a_kit a2a_kit_size_32 addtoany_list\" data-a2a-url=\"https:\/\/revistasentidosconvalores.com\/2026\/09\/03\/no-me-acalambra-y-no-me-va-a-quitar-lorena-de-la-garza\/\" data-a2a-title=\"No me acalambra y no me va a quitar: Lorena de la Garza\"><\/div>\n<\/div>\n<\/div>\n","protected":false},"excerpt":{"rendered":"<p>La diputada local por Monterrey y Presidenta de la Comisi\u00f3n de Presupuesto, Lorena de la Garza Venecia, respondi\u00f3 al Gobernador Samuel Garc\u00eda luego de que pidiera que fuera removida de la Comisi\u00f3n y lanzara se\u00f1alamientos personales en su contra. &nbsp; En la discusi\u00f3n previa por el Presupuesto 2027, Lorena de la Garza se\u00f1al\u00f3 que el tema de fondo sigue siendo el mismo: el Gobierno del Estado quiere contratar 10 mil millones de pesos m\u00e1s de deuda y todav\u00eda no ha explicado con claridad para qu\u00e9 los quiere. \u201cA m\u00ed eso&hellip;<\/p>\n","protected":false},"author":3,"featured_media":210571,"comment_status":"open","ping_status":"open","sticky":false,"template":"","format":"standard","meta":{"_jetpack_newsletter_access":"","_jetpack_dont_email_post_to_subs":false,"_jetpack_newsletter_tier_id":0,"_jetpack_memberships_contains_paywalled_content":false,"_jetpack_feature_clip_id":0,"_jetpack_memberships_contains_paid_content":false,"footnotes":"","jetpack_post_was_ever_published":false},"categories":[1,45],"tags":[],"class_list":["post-210570","post","type-post","status-publish","format-standard","has-post-thumbnail","hentry","category-locales","category-politica"],"gutentor_comment":0,"jetpack_sharing_enabled":true,"jetpack_featured_media_url":"https:\/\/i0.wp.com\/www.agenciare.site\/index\/wp-content\/uploads\/2026\/09\/thumbnail-2026-09-03T231034.745.jpg?fit=1079%2C720&ssl=1","_links":{"self":[{"href":"https:\/\/www.agenciare.site\/index\/wp-json\/wp\/v2\/posts\/210570","targetHints":{"allow":["GET"]}}],"collection":[{"href":"https:\/\/www.agenciare.site\/index\/wp-json\/wp\/v2\/posts"}],"about":[{"href":"https:\/\/www.agenciare.site\/index\/wp-json\/wp\/v2\/types\/post"}],"author":[{"embeddable":true,"href":"https:\/\/www.agenciare.site\/index\/wp-json\/wp\/v2\/users\/3"}],"replies":[{"embeddable":true,"href":"https:\/\/www.agenciare.site\/index\/wp-json\/wp\/v2\/comments?post=210570"}],"version-history":[{"count":1,"href":"https:\/\/www.agenciare.site\/index\/wp-json\/wp\/v2\/posts\/210570\/revisions"}],"predecessor-version":[{"id":210572,"href":"https:\/\/www.agenciare.site\/index\/wp-json\/wp\/v2\/posts\/210570\/revisions\/210572"}],"wp:featuredmedia":[{"embeddable":true,"href":"https:\/\/www.agenciare.site\/index\/wp-json\/wp\/v2\/media\/210571"}],"wp:attachment":[{"href":"https:\/\/www.agenciare.site\/index\/wp-json\/wp\/v2\/media?parent=210570"}],"wp:term":[{"taxonomy":"category","embeddable":true,"href":"https:\/\/www.agenciare.site\/index\/wp-json\/wp\/v2\/categories?post=210570"},{"taxonomy":"post_tag","embeddable":true,"href":"https:\/\/www.agenciare.site\/index\/wp-json\/wp\/v2\/tags?post=210570"}],"curies":[{"name":"wp","href":"https:\/\/api.w.org\/{rel}","templated":true}]}}