{"id":210567,"date":"2026-09-03T23:08:54","date_gmt":"2026-09-04T05:08:54","guid":{"rendered":"https:\/\/www.agenciare.site\/index\/?p=210567"},"modified":"2026-09-03T23:08:54","modified_gmt":"2026-09-04T05:08:54","slug":"se-suma-congreso-a-campana-contra-abuso-sexual-y-maltrato-infantil","status":"publish","type":"post","link":"https:\/\/www.agenciare.site\/index\/archivos\/210567","title":{"rendered":"Se suma Congreso a campa\u00f1a contra abuso sexual y maltrato infantil"},"content":{"rendered":"<header class=\"cm-entry-header\">\n<h1 class=\"cm-entry-title\"><\/h1>\n<\/header>\n<div class=\"cm-entry-summary\">\n<p>El Congreso local se sum\u00f3 a la Jornada de Concientizaci\u00f3n sobre la Gravedad del Abuso Sexual y el Maltrato Infantil en Educaci\u00f3n B\u00e1sica, que se realizar\u00e1 el pr\u00f3ximo 7 de septiembre y, a trav\u00e9s de su Presidenta Perla Villarreal Valdez, hizo un llamado al Gobierno estatal y a los municipios metropolitanos para que repliquen esta campa\u00f1a y difundan el C\u00f3digo QR en sus p\u00e1ginas oficiales y redes sociales.<\/p>\n<p>En compa\u00f1\u00eda de los Diputados Bertha Garza y Fernando Aguirre, la Presidenta de la Mesa Directiva inform\u00f3 que se difundir\u00e1 el QR en la p\u00e1gina oficial del Congreso del Estado, al tiempo que exhort\u00f3 a la Secretar\u00eda de Educaci\u00f3n a llevar esta estrategia de concientizaci\u00f3n directamente a las escuelas p\u00fablicas de la entidad, con el prop\u00f3sito de ampliar su alcance y fortalecer la prevenci\u00f3n entre ni\u00f1as, ni\u00f1os, adolescentes y sus familias.<\/p>\n<p>\u201cQuiero anunciar que el Congreso del Estado se suma a una gran campa\u00f1a a nivel nacional, y esta es una campa\u00f1a de prevenci\u00f3n en cuanto a violencia sexual y abuso sexual, sobre todo en educaci\u00f3n b\u00e1sica\u201d, anunci\u00f3.<\/p>\n<p>\u201cPresent\u00e9 un exhorto para hacer un llamado al Gobierno del Estado para que a trav\u00e9s de la Secretar\u00eda de Educaci\u00f3n se promueva esta campa\u00f1a, as\u00ed como a los 51 municipios, lo que nosotros queremos es darle difusi\u00f3n a este cat\u00e1logo para poder apoyar tanto a padres de familia, maestros, inclusive alumnos\u201d, explic\u00f3.<\/p>\n<p>Villarreal Valdez destac\u00f3 que se trata de materiales elaborados por organizaciones de la sociedad civil que pueden ser utilizados directamente por las familias y las comunidades educativas, sin que ello implique crear nuevos programas gubernamentales o generar un gasto adicional.<\/p>\n<p>\u201cEl material est\u00e1 enfocado en generar conciencia y, por tanto, contribuir desde otro frente a la atenci\u00f3n de la problem\u00e1tica de la violencia sexual infantil. Debemos recordar que, como representantes, nuestra prioridad debe ser la protecci\u00f3n de nuestras ni\u00f1as, ni\u00f1os y adolescentes, a los cuales debemos procurar y garantizar que puedan vivir una vida con dignidad, porque ellos son el futuro de nuestra sociedad\u201d, apunt\u00f3.<\/p>\n<p>La legisladora explic\u00f3 que el cat\u00e1logo contempla recursos para los tres niveles de educaci\u00f3n b\u00e1sica, entre ellos el Programa Lobo, enfocado en educaci\u00f3n sexual integral, autocuidado y resoluci\u00f3n de conflictos libres de violencia; un Manual de Prevenci\u00f3n de Abuso Sexual Infantil; materiales de civismo y cultura digital; herramientas l\u00fadicas para ni\u00f1as, ni\u00f1os y adolescentes, docentes y cuidadores, as\u00ed como el Programa Esc\u00e1ner, dirigido a madres, padres y cuidadores para abordar temas de educaci\u00f3n sexual, comunicaci\u00f3n asertiva y escucha activa.<\/p>\n<p>Villarreal Valdez explic\u00f3 que la preocupaci\u00f3n est\u00e1 motivada porque de acuerdo con la OCDE, en M\u00e9xico 1 de cada 4 ni\u00f1as y 1 de cada 6 ni\u00f1os, sufre violencia sexual.<\/p>\n<p>Adem\u00e1s, de acuerdo a datos citados durante la presentaci\u00f3n de la jornada, un informe de la REDIM se\u00f1ala que durante 2025 la Secretar\u00eda de Salud registr\u00f3 11 mil 122 ni\u00f1as, ni\u00f1os y adolescentes atendidos por violencia sexual.<\/p>\n<p>Asimismo, de septiembre de 2025 a agosto de 2026, la Oficina de Defensor\u00eda de los Derechos de la Infancia (ODI) document\u00f3 19 casos de violencia sexual en escuelas de educaci\u00f3n b\u00e1sica en el pa\u00eds, dos de ellos de manera sistem\u00e1tica al interior de los planteles, en el marco de la documentaci\u00f3n del informe \u201cEs un secreto\u201d.<\/p>\n<p>Villarreal Valdez enfatiz\u00f3 que la prevenci\u00f3n debe convertirse en una tarea cotidiana y no limitarse a campa\u00f1as temporales.<\/p>\n<p>\u201cNosotros como sociedad, como ciudadanos, debemos participar, tomar conciencia y, por tanto, tomar acciones para prevenir nuevos casos de esta problem\u00e1tica\u201d, dijo.<\/p>\n<p>\u201cNo es un tema que deba enfrentarse por moda, sino que debemos prestarle atenci\u00f3n todos los d\u00edas, ya que no sabemos en qu\u00e9 momento nuestras infancias pueden sufrir de violencia sexual\u201d, a\u00f1adi\u00f3.<\/p>\n<p>La Presidenta de la Comisi\u00f3n de Educaci\u00f3n, Cultura y Deporte destac\u00f3 que el esfuerzo re\u00fane a Alumbra, Antenas por los Ni\u00f1os A.C., Bidar Project, Early Institute, Escudo de la Dignidad, Fundaci\u00f3n Freedom, Fundaci\u00f3n PAS, Grupo Julia Borbolla, Grupo Loga, Guardianes, Oficina de Defensor\u00eda de los Derechos de la Infancia (ODI), Te Protejo M\u00e9xico, Uni\u00f3n Mujer y Ya Basta, quienes han puesto a disposici\u00f3n de las familias y comunidades educativas diversos recursos especializados.<\/p>\n<\/div>\n","protected":false},"excerpt":{"rendered":"<p>El Congreso local se sum\u00f3 a la Jornada de Concientizaci\u00f3n sobre la Gravedad del Abuso Sexual y el Maltrato Infantil en Educaci\u00f3n B\u00e1sica, que se realizar\u00e1 el pr\u00f3ximo 7 de septiembre y, a trav\u00e9s de su Presidenta Perla Villarreal Valdez, hizo un llamado al Gobierno estatal y a los municipios metropolitanos para que repliquen esta campa\u00f1a y difundan el C\u00f3digo QR en sus p\u00e1ginas oficiales y redes sociales. En compa\u00f1\u00eda de los Diputados Bertha Garza y Fernando Aguirre, la Presidenta de la Mesa Directiva inform\u00f3 que se difundir\u00e1 el QR&hellip;<\/p>\n","protected":false},"author":3,"featured_media":210568,"comment_status":"open","ping_status":"open","sticky":false,"template":"","format":"standard","meta":{"_jetpack_newsletter_access":"","_jetpack_dont_email_post_to_subs":false,"_jetpack_newsletter_tier_id":0,"_jetpack_memberships_contains_paywalled_content":false,"_jetpack_feature_clip_id":0,"_jetpack_memberships_contains_paid_content":false,"footnotes":"","jetpack_post_was_ever_published":false},"categories":[1,45],"tags":[],"class_list":["post-210567","post","type-post","status-publish","format-standard","has-post-thumbnail","hentry","category-locales","category-politica"],"gutentor_comment":0,"jetpack_sharing_enabled":true,"jetpack_featured_media_url":"https:\/\/i0.wp.com\/www.agenciare.site\/index\/wp-content\/uploads\/2026\/09\/IMG-20260903-WA0038-800x445-1.jpg?fit=800%2C445&ssl=1","_links":{"self":[{"href":"https:\/\/www.agenciare.site\/index\/wp-json\/wp\/v2\/posts\/210567","targetHints":{"allow":["GET"]}}],"collection":[{"href":"https:\/\/www.agenciare.site\/index\/wp-json\/wp\/v2\/posts"}],"about":[{"href":"https:\/\/www.agenciare.site\/index\/wp-json\/wp\/v2\/types\/post"}],"author":[{"embeddable":true,"href":"https:\/\/www.agenciare.site\/index\/wp-json\/wp\/v2\/users\/3"}],"replies":[{"embeddable":true,"href":"https:\/\/www.agenciare.site\/index\/wp-json\/wp\/v2\/comments?post=210567"}],"version-history":[{"count":1,"href":"https:\/\/www.agenciare.site\/index\/wp-json\/wp\/v2\/posts\/210567\/revisions"}],"predecessor-version":[{"id":210569,"href":"https:\/\/www.agenciare.site\/index\/wp-json\/wp\/v2\/posts\/210567\/revisions\/210569"}],"wp:featuredmedia":[{"embeddable":true,"href":"https:\/\/www.agenciare.site\/index\/wp-json\/wp\/v2\/media\/210568"}],"wp:attachment":[{"href":"https:\/\/www.agenciare.site\/index\/wp-json\/wp\/v2\/media?parent=210567"}],"wp:term":[{"taxonomy":"category","embeddable":true,"href":"https:\/\/www.agenciare.site\/index\/wp-json\/wp\/v2\/categories?post=210567"},{"taxonomy":"post_tag","embeddable":true,"href":"https:\/\/www.agenciare.site\/index\/wp-json\/wp\/v2\/tags?post=210567"}],"curies":[{"name":"wp","href":"https:\/\/api.w.org\/{rel}","templated":true}]}}