{"id":210549,"date":"2026-09-02T00:38:08","date_gmt":"2026-09-02T06:38:08","guid":{"rendered":"https:\/\/www.agenciare.site\/index\/?p=210549"},"modified":"2026-09-03T00:38:22","modified_gmt":"2026-09-03T06:38:22","slug":"concluyen-bachillerato-uanl-en-centros-comunitarios","status":"publish","type":"post","link":"https:\/\/www.agenciare.site\/index\/archivos\/210549","title":{"rendered":"Concluyen bachillerato UANL en centros comunitarios"},"content":{"rendered":"<div>\n<ul>\n<li class=\"yiv3933008637gmail-MsoNoSpacing\"><b><i><span lang=\"ES-MX\">La Universidad Aut\u00f3noma de Nuevo Le\u00f3n reconoci\u00f3 a m\u00e1s de un centenar de bachilleres que concluyeron su educaci\u00f3n media superior en los programas de Inclusi\u00f3n Social para los Centros Comunitarios y Aula-CARE, generaci\u00f3n 2024-2026.<\/span><\/i><\/b><\/li>\n<\/ul>\n<p class=\"yiv3933008637gmail-MsoNoSpacing\"><span lang=\"ES-MX\">\u00a0<\/span><\/p>\n<p class=\"yiv3933008637gmail-MsoNoSpacing\"><span lang=\"ES-MX\">Convencido de que la educaci\u00f3n puede transformar la vida de las personas y abrir nuevas oportunidades para sus familias, el Rector de la Universidad Aut\u00f3noma de Nuevo Le\u00f3n, Santos Guzm\u00e1n L\u00f3pez, exhort\u00f3 a los graduados de los programas de Inclusi\u00f3n Social para los Centros Comunitarios y Aula-CARE a no detener su preparaci\u00f3n acad\u00e9mica y continuar hacia los estudios profesionales.<\/span><\/p>\n<p class=\"yiv3933008637gmail-MsoNoSpacing\"><span lang=\"ES-MX\">\u00a0<\/span><\/p>\n<p class=\"yiv3933008637gmail-MsoNoSpacing\"><span lang=\"ES-MX\">Durante la ceremonia de graduaci\u00f3n de la generaci\u00f3n 2024-2026, realizada en la Biblioteca Universitaria Ra\u00fal Rangel Fr\u00edas, Guzm\u00e1n L\u00f3pez destac\u00f3 que este logro representa mucho m\u00e1s que la entrega de una constancia porque detr\u00e1s de cada graduado existen historias de empe\u00f1o y certeza en la educaci\u00f3n.<\/span><\/p>\n<p class=\"yiv3933008637gmail-MsoNoSpacing\"><span lang=\"ES-MX\">\u00a0<\/span><\/p>\n<p class=\"yiv3933008637gmail-MsoNoSpacing\"><span lang=\"ES-MX\">\u201cEsta ceremonia representa mucho m\u00e1s que la entrega de constancias de estudios; es el testimonio de historias de esfuerzo, perseverancia y confianza en la educaci\u00f3n como herramienta que transforma vidas\u201d, se\u00f1al\u00f3 Guzm\u00e1n L\u00f3pez.<\/span><\/p>\n<p class=\"yiv3933008637gmail-MsoNoSpacing\"><span lang=\"ES-MX\">\u00a0<\/span><\/p>\n<p class=\"yiv3933008637gmail-MsoNoSpacing\"><span lang=\"ES-MX\">El Ejecutivo Universitario reconoci\u00f3 que cada estudiante enfrent\u00f3 circunstancias, responsabilidades y retos distintos para llegar hasta este momento, pero todos coincidieron en una decisi\u00f3n fundamental: continuar aprendiendo y abrir nuevas posibilidades para su futuro y el de sus familias.<\/span><\/p>\n<p class=\"yiv3933008637gmail-MsoNoSpacing\"><span lang=\"ES-MX\">\u00a0<\/span><\/p>\n<p class=\"yiv3933008637gmail-MsoNoSpacing\"><span lang=\"ES-MX\">El Rector enfatiz\u00f3 que la UANL mantiene abiertas diferentes opciones para quienes desean continuar estudiando, ya sea de manera presencial, en l\u00ednea o mediante modalidades mixtas, adem\u00e1s de contar con programas educativos distribuidos en diferentes regiones del estado.<\/span><\/p>\n<p class=\"yiv3933008637gmail-MsoNoSpacing\"><span lang=\"ES-MX\">\u00a0<\/span><\/p>\n<p class=\"yiv3933008637gmail-MsoNoSpacing\"><span lang=\"ES-MX\">\u201cPara estudiar no hay edad, no hay un l\u00edmite. A veces las circunstancias de cada familia no nos permiten estudiar en el momento que nos toca, pero luego cambian las cosas y hay la oportunidad de estudiar como lo hicieron ustedes. Pero no basta ah\u00ed quedarse, hay que seguirle\u201d, detall\u00f3.<\/span><\/p>\n<p class=\"yiv3933008637gmail-MsoNoSpacing\"><span lang=\"ES-MX\">\u00a0<\/span><\/p>\n<p class=\"yiv3933008637gmail-MsoNoSpacing\"><span lang=\"ES-MX\">Guzm\u00e1n L\u00f3pez pidi\u00f3 a los nuevos bachilleres convertirse en promotores de la educaci\u00f3n dentro de sus propias comunidades y motivar a otras personas que, independientemente de su edad o circunstancias personales, tengan el deseo de retomar sus estudios.<\/span><\/p>\n<p class=\"yiv3933008637gmail-MsoNoSpacing\"><span lang=\"ES-MX\">\u00a0<\/span><\/p>\n<p class=\"yiv3933008637gmail-MsoNoSpacing\"><span lang=\"ES-MX\">\u201cContagien a m\u00e1s gente de su comunidad. Que s\u00ed se puede\u201d, expres\u00f3 al reiterar que la M\u00e1xima Casa de Estudios mantendr\u00e1 el acompa\u00f1amiento y apoyo para quienes busquen continuar su formaci\u00f3n acad\u00e9mica.<\/span><\/p>\n<p class=\"yiv3933008637gmail-MsoNoSpacing\"><span lang=\"ES-MX\">\u00a0<\/span><\/p>\n<p class=\"yiv3933008637gmail-MsoNoSpacing\"><span lang=\"ES-MX\">En representaci\u00f3n de la generaci\u00f3n 2024-2026, Estefany Guadalupe Rangel Moreno, alumna de la Preparatoria 7 y primer lugar de generaci\u00f3n del Programa de Inclusi\u00f3n Social del Centro Comunitario, comparti\u00f3 un mensaje en el que record\u00f3 los retos que signific\u00f3 regresar a las aulas despu\u00e9s de a\u00f1os de combinar responsabilidades familiares y laborales.<\/span><\/p>\n<p class=\"yiv3933008637gmail-MsoNoSpacing\"><span lang=\"ES-MX\">\u00a0<\/span><\/p>\n<p class=\"yiv3933008637gmail-MsoNoSpacing\"><span lang=\"ES-MX\">La graduada relat\u00f3 que muchos de sus compa\u00f1eros consideraban que su etapa de formaci\u00f3n acad\u00e9mica hab\u00eda quedado atr\u00e1s y que sus vidas estaban definidas por el trabajo, la familia y las responsabilidades cotidianas, hasta que encontraron en los programas de la UANL una nueva oportunidad.<\/span><\/p>\n<p class=\"yiv3933008637gmail-MsoNoSpacing\"><span lang=\"ES-MX\">\u00a0<\/span><\/p>\n<p class=\"yiv3933008637gmail-MsoNoSpacing\"><span lang=\"ES-MX\">\u201cLlegando cansados del trabajo para sentarnos a estudiar, pregunt\u00e1ndonos si \u00bfde verdad pod\u00edamos con esto? Y pudimos. Aprendimos con la disciplina de quienes ya saben lo que cuesta el esfuerzo\u201d, reflexion\u00f3.<\/span><\/p>\n<p class=\"yiv3933008637gmail-MsoNoSpacing\"><span lang=\"ES-MX\">\u00a0<\/span><\/p>\n<p class=\"yiv3933008637gmail-MsoNoSpacing\"><span lang=\"ES-MX\">Rangel Moreno agradeci\u00f3 el respaldo de la Universidad, de las preparatorias, los centros comunitarios, profesores y familiares que acompa\u00f1aron a los estudiantes durante su formaci\u00f3n, adem\u00e1s de destacar el impacto de las becas recibidas para poder continuar sus estudios.<\/span><\/p>\n<p class=\"yiv3933008637gmail-MsoNoSpacing\"><span lang=\"ES-MX\">\u00a0<\/span><\/p>\n<p class=\"yiv3933008637gmail-MsoNoSpacing\"><span lang=\"ES-MX\">Actualmente, el Programa de Inclusi\u00f3n de Centros Comunitarios registra alrededor de cinco mil 585 egresados de nivel medio superior; adem\u00e1s, 143 estudiantes contin\u00faan su preparaci\u00f3n en 20 facultades de la UANL y alrededor de 500 han logrado concluir ya una licenciatura.<\/span><\/p>\n<p class=\"yiv3933008637gmail-MsoNoSpacing\"><span lang=\"ES-MX\">\u00a0<\/span><\/p>\n<p class=\"yiv3933008637gmail-MsoNoSpacing\"><span lang=\"ES-MX\">La generaci\u00f3n 2024-2026 estuvo integrada por estudiantes pertenecientes a centros comunitarios vinculados con las preparatorias 1, 3, 7, 8, 9, 15, 16, 17 y 23, adem\u00e1s del Centro de Alto Rendimiento \u201cNi\u00f1os H\u00e9roes\u201d, atendido por la Preparatoria 16.<span class=\"yiv3933008637gmail-Apple-converted-space\">\u00a0<\/span><\/span><\/p>\n<p class=\"yiv3933008637gmail-MsoNoSpacing\"><span lang=\"ES-MX\">\u00a0<\/span><\/p>\n<p class=\"yiv3933008637gmail-MsoNoSpacing\"><span lang=\"ES-MX\">El programa tiene como prop\u00f3sito brindar oportunidades de formaci\u00f3n acad\u00e9mica a personas que habitan en sectores vulnerables y que, por diferentes circunstancias, no hab\u00edan podido concluir sus estudios de bachiller<\/span><span lang=\"ES-MX\">ato.<\/span><\/p>\n<p class=\"yiv3933008637gmail-MsoNoSpacing\"><span lang=\"ES-MX\">\u00a0<\/span><\/p>\n<p class=\"yiv3933008637gmail-MsoNoSpacing\"><span lang=\"ES-MX\">En la ceremonia estuvieron la Subsecretaria de Educaci\u00f3n Media Superior y Superior de Nuevo Le\u00f3n, Rosario Nolasco Fonseca; el Secretario General de la UANL, Mario Alberto Garza Castillo, y el Secretario Acad\u00e9mico, Jaime Arturo Castillo Elizondo.<\/span><\/p>\n<p class=\"yiv3933008637gmail-MsoNoSpacing\"><span lang=\"ES-MX\">\u00a0<\/span><\/p>\n<p class=\"yiv3933008637gmail-MsoNoSpacing\"><span class=\"yiv3933008637gmail-s10\"><b><span lang=\"ES-MX\">Centros comunitarios:<\/span><\/b><\/span><span class=\"yiv3933008637gmail-apple-converted-space\"><b><span lang=\"ES-MX\">\u00a0<\/span><\/b><\/span><\/p>\n<p class=\"yiv3933008637gmail-MsoNoSpacing\"><span class=\"yiv3933008637gmail-s5\"><span lang=\"ES-MX\">\u2022\u00a0\u00a0\u00a0\u00a0\u00a0\u00a0<span class=\"yiv3933008637gmail-Apple-converted-space\">\u00a0<\/span><\/span><\/span><span class=\"yiv3933008637gmail-s5\"><span lang=\"ES-MX\">Preparatoria 1: Santa Fe, Fernando Amilpa y Pesquer\u00eda<\/span><\/span><\/p>\n<p class=\"yiv3933008637gmail-MsoNoSpacing\"><span lang=\"ES-MX\">\u2022\u00a0\u00a0\u00a0\u00a0\u00a0\u00a0<span class=\"yiv3933008637gmail-Apple-converted-space\">\u00a0<\/span><\/span><span class=\"yiv3933008637gmail-s5\"><span lang=\"ES-MX\">Preparatoria 3: San Bernab\u00e9 e Independencia<\/span><\/span><\/p>\n<p class=\"yiv3933008637gmail-MsoNoSpacing\"><span lang=\"ES-MX\">\u2022\u00a0\u00a0\u00a0\u00a0\u00a0\u00a0<span class=\"yiv3933008637gmail-Apple-converted-space\">\u00a0<\/span><\/span><span class=\"yiv3933008637gmail-s5\"><span lang=\"ES-MX\">Preparatoria 7: Salinas Victoria<\/span><\/span><\/p>\n<p class=\"yiv3933008637gmail-MsoNoSpacing\"><span lang=\"ES-MX\">\u2022\u00a0\u00a0\u00a0\u00a0\u00a0\u00a0<span class=\"yiv3933008637gmail-Apple-converted-space\">\u00a0<\/span><\/span><span class=\"yiv3933008637gmail-s5\"><span lang=\"ES-MX\">Preparatoria 8: Monte Kristal y Tierra Propia<\/span><\/span><\/p>\n<p class=\"yiv3933008637gmail-MsoNoSpacing\"><span lang=\"ES-MX\">\u2022\u00a0\u00a0\u00a0\u00a0\u00a0\u00a0<span class=\"yiv3933008637gmail-Apple-converted-space\">\u00a0<\/span><\/span><span class=\"yiv3933008637gmail-s5\"><span lang=\"ES-MX\">Preparatoria 9: La Alianza<\/span><\/span><\/p>\n<p class=\"yiv3933008637gmail-MsoNoSpacing\"><span lang=\"ES-MX\">\u2022\u00a0\u00a0\u00a0\u00a0\u00a0\u00a0<span class=\"yiv3933008637gmail-Apple-converted-space\">\u00a0<\/span><\/span><span class=\"yiv3933008637gmail-s5\"><span lang=\"ES-MX\">Preparatoria 15: San Bernab\u00e9<\/span><\/span><\/p>\n<p class=\"yiv3933008637gmail-MsoNoSpacing\"><span lang=\"ES-MX\">\u2022\u00a0\u00a0\u00a0\u00a0\u00a0\u00a0<span class=\"yiv3933008637gmail-Apple-converted-space\">\u00a0<\/span><\/span><span class=\"yiv3933008637gmail-s5\"><span lang=\"ES-MX\">Preparatoria 16: El Carmen y el Centro de Alto Rendimiento \u201cNi\u00f1os H\u00e9roes\u201d (CARE)<\/span><\/span><\/p>\n<p class=\"yiv3933008637gmail-MsoNoSpacing\"><span lang=\"ES-MX\">\u2022\u00a0\u00a0\u00a0\u00a0\u00a0\u00a0<span class=\"yiv3933008637gmail-Apple-converted-space\">\u00a0<\/span><\/span><span class=\"yiv3933008637gmail-s5\"><span lang=\"ES-MX\">Preparatoria 17: Ci\u00e9nega de Flores<\/span><\/span><\/p>\n<p class=\"yiv3933008637gmail-MsoNoSpacing\"><span lang=\"ES-MX\">\u2022\u00a0\u00a0\u00a0\u00a0\u00a0\u00a0<span class=\"yiv3933008637gmail-Apple-converted-space\">\u00a0<\/span><\/span><span class=\"yiv3933008637gmail-s5\"><span lang=\"ES-MX\">Preparatoria 23: San Gilberto<\/span><\/span><\/p>\n<\/div>\n<div><img data-recalc-dims=\"1\" loading=\"lazy\" decoding=\"async\" class=\"alignnone wp-image-210551 size-full\" src=\"https:\/\/i0.wp.com\/www.agenciare.site\/index\/wp-content\/uploads\/2026\/09\/0E9A6631.jpg?resize=640%2C298\" alt=\"\" width=\"640\" height=\"298\" srcset=\"https:\/\/i0.wp.com\/www.agenciare.site\/index\/wp-content\/uploads\/2026\/09\/0E9A6631.jpg?w=2200&amp;ssl=1 2200w, https:\/\/i0.wp.com\/www.agenciare.site\/index\/wp-content\/uploads\/2026\/09\/0E9A6631.jpg?resize=768%2C357&amp;ssl=1 768w, https:\/\/i0.wp.com\/www.agenciare.site\/index\/wp-content\/uploads\/2026\/09\/0E9A6631.jpg?resize=1536%2C714&amp;ssl=1 1536w, https:\/\/i0.wp.com\/www.agenciare.site\/index\/wp-content\/uploads\/2026\/09\/0E9A6631.jpg?resize=2048%2C952&amp;ssl=1 2048w, https:\/\/i0.wp.com\/www.agenciare.site\/index\/wp-content\/uploads\/2026\/09\/0E9A6631.jpg?w=1280 1280w, https:\/\/i0.wp.com\/www.agenciare.site\/index\/wp-content\/uploads\/2026\/09\/0E9A6631.jpg?w=1920 1920w\" sizes=\"auto, (max-width: 640px) 100vw, 640px\" \/><\/div>\n","protected":false},"excerpt":{"rendered":"<p>La Universidad Aut\u00f3noma de Nuevo Le\u00f3n reconoci\u00f3 a m\u00e1s de un centenar de bachilleres que concluyeron su educaci\u00f3n media superior en los programas de Inclusi\u00f3n Social para los Centros Comunitarios y Aula-CARE, generaci\u00f3n 2024-2026. \u00a0 Convencido de que la educaci\u00f3n puede transformar la vida de las personas y abrir nuevas oportunidades para sus familias, el Rector de la Universidad Aut\u00f3noma de Nuevo Le\u00f3n, Santos Guzm\u00e1n L\u00f3pez, exhort\u00f3 a los graduados de los programas de Inclusi\u00f3n Social para los Centros Comunitarios y Aula-CARE a no detener su preparaci\u00f3n acad\u00e9mica y continuar&hellip;<\/p>\n","protected":false},"author":3,"featured_media":210550,"comment_status":"open","ping_status":"open","sticky":false,"template":"","format":"standard","meta":{"_jetpack_newsletter_access":"","_jetpack_dont_email_post_to_subs":false,"_jetpack_newsletter_tier_id":0,"_jetpack_memberships_contains_paywalled_content":false,"_jetpack_feature_clip_id":0,"_jetpack_memberships_contains_paid_content":false,"footnotes":"","jetpack_post_was_ever_published":false},"categories":[47],"tags":[],"class_list":["post-210549","post","type-post","status-publish","format-standard","has-post-thumbnail","hentry","category-uanl"],"gutentor_comment":0,"jetpack_sharing_enabled":true,"jetpack_featured_media_url":"https:\/\/i0.wp.com\/www.agenciare.site\/index\/wp-content\/uploads\/2026\/09\/0E9A6863.jpg?fit=2200%2C1409&ssl=1","_links":{"self":[{"href":"https:\/\/www.agenciare.site\/index\/wp-json\/wp\/v2\/posts\/210549","targetHints":{"allow":["GET"]}}],"collection":[{"href":"https:\/\/www.agenciare.site\/index\/wp-json\/wp\/v2\/posts"}],"about":[{"href":"https:\/\/www.agenciare.site\/index\/wp-json\/wp\/v2\/types\/post"}],"author":[{"embeddable":true,"href":"https:\/\/www.agenciare.site\/index\/wp-json\/wp\/v2\/users\/3"}],"replies":[{"embeddable":true,"href":"https:\/\/www.agenciare.site\/index\/wp-json\/wp\/v2\/comments?post=210549"}],"version-history":[{"count":2,"href":"https:\/\/www.agenciare.site\/index\/wp-json\/wp\/v2\/posts\/210549\/revisions"}],"predecessor-version":[{"id":210553,"href":"https:\/\/www.agenciare.site\/index\/wp-json\/wp\/v2\/posts\/210549\/revisions\/210553"}],"wp:featuredmedia":[{"embeddable":true,"href":"https:\/\/www.agenciare.site\/index\/wp-json\/wp\/v2\/media\/210550"}],"wp:attachment":[{"href":"https:\/\/www.agenciare.site\/index\/wp-json\/wp\/v2\/media?parent=210549"}],"wp:term":[{"taxonomy":"category","embeddable":true,"href":"https:\/\/www.agenciare.site\/index\/wp-json\/wp\/v2\/categories?post=210549"},{"taxonomy":"post_tag","embeddable":true,"href":"https:\/\/www.agenciare.site\/index\/wp-json\/wp\/v2\/tags?post=210549"}],"curies":[{"name":"wp","href":"https:\/\/api.w.org\/{rel}","templated":true}]}}