{"id":210540,"date":"2026-09-02T23:56:14","date_gmt":"2026-09-03T05:56:14","guid":{"rendered":"https:\/\/www.agenciare.site\/index\/?p=210540"},"modified":"2026-09-02T23:56:14","modified_gmt":"2026-09-03T05:56:14","slug":"entrega-secretaria-del-trabajo-equipamiento-a-beneficiarios-del-programa-fomento-al-autoempleo","status":"publish","type":"post","link":"https:\/\/www.agenciare.site\/index\/archivos\/210540","title":{"rendered":"ENTREGA SECRETAR\u00cdA DEL TRABAJO EQUIPAMIENTO A BENEFICIARIOS DEL PROGRAMA: \u201cFOMENTO AL AUTOEMPLEO\u201d"},"content":{"rendered":"<p>&nbsp;<\/p>\n<p><strong>\u00a0<\/strong><\/p>\n<ul>\n<li><strong><em>Los beneficiarios recibieron mobiliario, maquinaria, equipo y\/o herramienta que fortalecer\u00e1 su actividad productiva.<\/em><\/strong><\/li>\n<\/ul>\n<p><strong>\u00a0\u00a0\u00a0\u00a0\u00a0\u00a0\u00a0\u00a0\u00a0\u00a0\u00a0\u00a0\u00a0\u00a0\u00a0\u00a0\u00a0\u00a0\u00a0\u00a0\u00a0\u00a0\u00a0\u00a0\u00a0\u00a0\u00a0\u00a0\u00a0\u00a0\u00a0\u00a0\u00a0\u00a0\u00a0\u00a0\u00a0\u00a0 <\/strong><\/p>\n<p><strong>\u00a0<\/strong>Para promover e impulsar la cultura emprendedora, el Gobierno del Estado de Nuevo Le\u00f3n a trav\u00e9s de la Secretar\u00eda del Trabajo realiz\u00f3 la entrega de equipamiento a cinco proyectos beneficiados que cumplieron con los requisitos del programa: \u201cFomento al Autoempleo\u201d.<\/p>\n<p>&nbsp;<\/p>\n<p>Durante la entrega de los bienes en custodia, Federico Rojas Veloquio, Secretario del Trabajo, apunt\u00f3 que este apoyo es un incentivo al emprendimiento que servir\u00e1 para impulsar la productividad y eficiencia de los procesos de elaboraci\u00f3n de sus productos y servicios.<\/p>\n<p>&nbsp;<\/p>\n<p>\u201cEstoy seguro que estos equipamientos les servir\u00e1n a cada uno para poder eficientizar sus procesos de elaboraci\u00f3n de sus productos y de esta manera, crecer y fortalecer su negocios\u201d, expres\u00f3 el funcionario estatal.<\/p>\n<p>&nbsp;<\/p>\n<p>En este sentido, Francisca Hern\u00e1ndez, propietaria del Taller de Costura Panchis, explic\u00f3 que gracias al equipo que recibi\u00f3 como apoyo, podr\u00e1 incrementar su producci\u00f3n y realizar nuevas prendas que antes no pod\u00eda por no contar con\u00a0 el equipo.<\/p>\n<p>&nbsp;<\/p>\n<p>\u201cEstoy muy agradecida porque ahora podr\u00e9 producir uniformes, filipinas y prendas que antes no pod\u00eda realizar porque no ten\u00eda las maquinas necesarias. Con la entrega de estas m\u00e1quinas lo podr\u00e9 realizar y tendr\u00e9 m\u00e1s producci\u00f3n\u201d, expres\u00f3 la beneficiaria.<\/p>\n<p><img data-recalc-dims=\"1\" loading=\"lazy\" decoding=\"async\" class=\"alignnone wp-image-210542 size-full\" src=\"https:\/\/i0.wp.com\/www.agenciare.site\/index\/wp-content\/uploads\/2026\/09\/thumbnail-2026-09-02T235029.437.jpg?resize=640%2C480\" alt=\"\" width=\"640\" height=\"480\" srcset=\"https:\/\/i0.wp.com\/www.agenciare.site\/index\/wp-content\/uploads\/2026\/09\/thumbnail-2026-09-02T235029.437.jpg?w=1080&amp;ssl=1 1080w, https:\/\/i0.wp.com\/www.agenciare.site\/index\/wp-content\/uploads\/2026\/09\/thumbnail-2026-09-02T235029.437.jpg?resize=200%2C150&amp;ssl=1 200w, https:\/\/i0.wp.com\/www.agenciare.site\/index\/wp-content\/uploads\/2026\/09\/thumbnail-2026-09-02T235029.437.jpg?resize=768%2C576&amp;ssl=1 768w\" sizes=\"auto, (max-width: 640px) 100vw, 640px\" \/><\/p>\n<p>En esta ocasi\u00f3n, refiri\u00f3 Federico Rojas se entregaron m\u00e1s de 304 mil 906 pesos en equipamiento a cinco proyectos productivos.<\/p>\n<p>&nbsp;<\/p>\n<p>Los proyectos productivos beneficiados son: Herrer\u00eda Dimas, Taller de Costura Panchis, Tacos Lolis, Hey Honey Studio, y Hamburguesas El Diamante.<\/p>\n<p>&nbsp;<\/p>\n<p>Estuvieron presentes: Alcalde de General Ter\u00e1n, David Jonathan S\u00e1nchez Quintanilla y el Director de Desarrollo Rural, Rolando Puebla Herrera en representaci\u00f3n del Alcalde de Salinas Victoria, Ra\u00fal Cant\u00fa de la Garza.<\/p>\n<p>&nbsp;<\/p>\n<p>Es de mencionar que el Programa de Fomento al Autoempleo entrega mobiliario, maquinaria, equipo y\/o herramienta para iniciar a fortalecer una actividad productiva por \u00fanica vez a solicitantes que cuenten con conocimientos, habilidades y experiencia laboral.<\/p>\n<p><img data-recalc-dims=\"1\" loading=\"lazy\" decoding=\"async\" class=\"alignnone wp-image-210543 size-full\" src=\"https:\/\/i0.wp.com\/www.agenciare.site\/index\/wp-content\/uploads\/2026\/09\/thumbnail-2026-09-02T235040.097.jpg?resize=640%2C480\" alt=\"\" width=\"640\" height=\"480\" srcset=\"https:\/\/i0.wp.com\/www.agenciare.site\/index\/wp-content\/uploads\/2026\/09\/thumbnail-2026-09-02T235040.097.jpg?w=1080&amp;ssl=1 1080w, https:\/\/i0.wp.com\/www.agenciare.site\/index\/wp-content\/uploads\/2026\/09\/thumbnail-2026-09-02T235040.097.jpg?resize=200%2C150&amp;ssl=1 200w, https:\/\/i0.wp.com\/www.agenciare.site\/index\/wp-content\/uploads\/2026\/09\/thumbnail-2026-09-02T235040.097.jpg?resize=768%2C576&amp;ssl=1 768w\" sizes=\"auto, (max-width: 640px) 100vw, 640px\" \/><\/p>\n<p>&nbsp;<\/p>\n","protected":false},"excerpt":{"rendered":"<p>&nbsp; \u00a0 Los beneficiarios recibieron mobiliario, maquinaria, equipo y\/o herramienta que fortalecer\u00e1 su actividad productiva. \u00a0\u00a0\u00a0\u00a0\u00a0\u00a0\u00a0\u00a0\u00a0\u00a0\u00a0\u00a0\u00a0\u00a0\u00a0\u00a0\u00a0\u00a0\u00a0\u00a0\u00a0\u00a0\u00a0\u00a0\u00a0\u00a0\u00a0\u00a0\u00a0\u00a0\u00a0\u00a0\u00a0\u00a0\u00a0\u00a0\u00a0\u00a0 \u00a0Para promover e impulsar la cultura emprendedora, el Gobierno del Estado de Nuevo Le\u00f3n a trav\u00e9s de la Secretar\u00eda del Trabajo realiz\u00f3 la entrega de equipamiento a cinco proyectos beneficiados que cumplieron con los requisitos del programa: \u201cFomento al Autoempleo\u201d. &nbsp; Durante la entrega de los bienes en custodia, Federico Rojas Veloquio, Secretario del Trabajo, apunt\u00f3 que este apoyo es un incentivo al emprendimiento que servir\u00e1 para impulsar la productividad y eficiencia de los&hellip;<\/p>\n","protected":false},"author":3,"featured_media":210541,"comment_status":"open","ping_status":"open","sticky":false,"template":"","format":"standard","meta":{"_jetpack_newsletter_access":"","_jetpack_dont_email_post_to_subs":false,"_jetpack_newsletter_tier_id":0,"_jetpack_memberships_contains_paywalled_content":false,"_jetpack_feature_clip_id":0,"_jetpack_memberships_contains_paid_content":false,"footnotes":"","jetpack_post_was_ever_published":false},"categories":[32,1],"tags":[],"class_list":["post-210540","post","type-post","status-publish","format-standard","has-post-thumbnail","hentry","category-economia","category-locales"],"gutentor_comment":0,"jetpack_sharing_enabled":true,"jetpack_featured_media_url":"https:\/\/i0.wp.com\/www.agenciare.site\/index\/wp-content\/uploads\/2026\/09\/thumbnail-2026-09-02T235020.682.jpg?fit=1080%2C811&ssl=1","_links":{"self":[{"href":"https:\/\/www.agenciare.site\/index\/wp-json\/wp\/v2\/posts\/210540","targetHints":{"allow":["GET"]}}],"collection":[{"href":"https:\/\/www.agenciare.site\/index\/wp-json\/wp\/v2\/posts"}],"about":[{"href":"https:\/\/www.agenciare.site\/index\/wp-json\/wp\/v2\/types\/post"}],"author":[{"embeddable":true,"href":"https:\/\/www.agenciare.site\/index\/wp-json\/wp\/v2\/users\/3"}],"replies":[{"embeddable":true,"href":"https:\/\/www.agenciare.site\/index\/wp-json\/wp\/v2\/comments?post=210540"}],"version-history":[{"count":1,"href":"https:\/\/www.agenciare.site\/index\/wp-json\/wp\/v2\/posts\/210540\/revisions"}],"predecessor-version":[{"id":210544,"href":"https:\/\/www.agenciare.site\/index\/wp-json\/wp\/v2\/posts\/210540\/revisions\/210544"}],"wp:featuredmedia":[{"embeddable":true,"href":"https:\/\/www.agenciare.site\/index\/wp-json\/wp\/v2\/media\/210541"}],"wp:attachment":[{"href":"https:\/\/www.agenciare.site\/index\/wp-json\/wp\/v2\/media?parent=210540"}],"wp:term":[{"taxonomy":"category","embeddable":true,"href":"https:\/\/www.agenciare.site\/index\/wp-json\/wp\/v2\/categories?post=210540"},{"taxonomy":"post_tag","embeddable":true,"href":"https:\/\/www.agenciare.site\/index\/wp-json\/wp\/v2\/tags?post=210540"}],"curies":[{"name":"wp","href":"https:\/\/api.w.org\/{rel}","templated":true}]}}