{"id":210536,"date":"2026-09-02T23:48:23","date_gmt":"2026-09-03T05:48:23","guid":{"rendered":"https:\/\/www.agenciare.site\/index\/?p=210536"},"modified":"2026-09-02T23:48:23","modified_gmt":"2026-09-03T05:48:23","slug":"tiene-estado-dialogo-sobre-paquete-fiscal","status":"publish","type":"post","link":"https:\/\/www.agenciare.site\/index\/archivos\/210536","title":{"rendered":"TIENE\u00a0ESTADO DI\u00c1LOGO SOBRE PAQUETE FISCAL"},"content":{"rendered":"<p>&nbsp;<\/p>\n<p><em>\u00a0\u00a0\u00a0\u00a0\u00a0\u00a0\u00a0\u00a0\u00a0\u00a0\u00a0\u00a0\u00a0\u00a0\u00a0\u00a0\u00a0\u00a0\u00a0\u00a0\u00a0\u00a0\u00a0\u00a0\u00a0\u00a0\u00a0\u00a0\u00a0\u00a0\u00a0\u00a0\u00a0\u00a0\u00a0\u00a0\u00a0\u00a0 <\/em><\/p>\n<ul>\n<li><strong><em>El Secretario General de Gobierno, Miguel \u00c1ngel Flores Serna,<\/em><em>llama a los diputados que no acudieron a la reuni\u00f3n sobre el Presupuesto 2027 a sumarse al di\u00e1logo y poner a Nuevo Le\u00f3n por delante.<\/em><\/strong><\/li>\n<li><strong><em>El funcionario estatal refrenda la apertura del Gobierno del Estado para dialogar con todas las bancadas y alcanzar acuerdos por el bien del estado.<\/em><\/strong><\/li>\n<\/ul>\n<p>Hoy\u00a0se llev\u00f3 a cabo\u00a0la primera reuni\u00f3n de trabajo con integrantes del Poder Legislativo y representantes de la sociedad civil como parte de los di\u00e1logos para la presentaci\u00f3n del Paquete Fiscal 2027.<\/p>\n<p>&nbsp;<\/p>\n<p>El Secretario General de Gobierno, Miguel \u00c1ngel Flores Serna,\u00a0subray\u00f3\u00a0que existe apertura para dialogar con representantes de todos los partidos y escuchar sus planteamientos de cara a la construcci\u00f3n del Presupuesto 2027.<\/p>\n<p>\u201cOjal\u00e1 y muy pronto podamos reunirnos y que s\u00ed pongamos a Nuevo Le\u00f3n por delante\u2026 son finanzas y recursos que van a beneficiar directamente a la vida cotidiana de las y los neoloneses.<\/p>\n<p>\u201cYo los voy a buscar, yo siempre he sido convencido que con di\u00e1logo se construyen mejores cosas\u201d, afirm\u00f3.<\/p>\n<p>Tambi\u00e9n invit\u00f3 a los legisladores que han planteado necesidades de recursos para los municipios a acercarse a las mesas de trabajo y presentar sus propuestas, al se\u00f1alar que estos espacios est\u00e1n abiertos para escuchar y buscar soluciones.<\/p>\n<p>\u201cPrecisamente los coordinadores que hoy no est\u00e1n aqu\u00ed eran los que reclamaban un presupuesto para los alcaldes. Yo los invito a asistir a estas mesas de trabajo y exponer sus inquietudes, estoy convencido que con di\u00e1logo logramos grandes cosas\u201d, concluy\u00f3.<\/p>\n<p>&nbsp;<\/p>\n<p>La Secretar\u00eda de Finanzas y Tesorer\u00eda General del Estado se encuentra actualmente en la etapa de\u00a0presupuestaci\u00f3n, durante la cual se analiza el comportamiento observado a la fecha, tanto de los ingresos como de los egresos de los entes p\u00fablicos que integran la Administraci\u00f3n P\u00fablica Estatal, con el prop\u00f3sito de estimar el cierre del ejercicio fiscal en curso.<\/p>\n<p>&nbsp;<\/p>\n<p>Se consideran las principales variables macroecon\u00f3micas enmarcadas en los Pre-Criterios Generales de Pol\u00edtica Econ\u00f3mica 2027 publicados en abril de este a\u00f1o y la publicaci\u00f3n del Paquete Econ\u00f3mico Federal por parte de la Secretar\u00eda de Hacienda y Cr\u00e9dito P\u00fablico (SHCP), prevista para el 8 de septiembre.<\/p>\n<p>&nbsp;<\/p>\n<p>A partir de \u00e9ste, por ejemplo,\u00a0se podr\u00e1 tener\u00a0una definici\u00f3n exacta sobre el tema de la deuda.<\/p>\n<p>&nbsp;<\/p>\n<p>Durante la administraci\u00f3n del Gobernador\u00a0Samuel Garc\u00eda, la Secretar\u00eda de Hacienda otorg\u00f3 la clasificaci\u00f3n verde en su Sistema de Alertas al financiamiento estatal, refrendando la salud de las finanzas p\u00fablicas y certidumbre en la capacidad\u00a0de endeudamiento de la entidad.<\/p>\n<p>&nbsp;<\/p>\n<p>La integraci\u00f3n del Presupuesto tiene como prioridad la sostenibilidad de las finanzas p\u00fablicas, procurando que este sea equilibrado y que fortalezca la capacidad financiera del Estado a trav\u00e9s de una administraci\u00f3n ordenada y transparente de los recursos p\u00fablicos.<\/p>\n<p><img data-recalc-dims=\"1\" loading=\"lazy\" decoding=\"async\" class=\"alignnone wp-image-210538 size-full\" src=\"https:\/\/i0.wp.com\/www.agenciare.site\/index\/wp-content\/uploads\/2026\/09\/image00003-scaled.jpg?resize=640%2C427\" alt=\"\" width=\"640\" height=\"427\" srcset=\"https:\/\/i0.wp.com\/www.agenciare.site\/index\/wp-content\/uploads\/2026\/09\/image00003-scaled.jpg?w=2560&amp;ssl=1 2560w, https:\/\/i0.wp.com\/www.agenciare.site\/index\/wp-content\/uploads\/2026\/09\/image00003-scaled.jpg?resize=768%2C512&amp;ssl=1 768w, https:\/\/i0.wp.com\/www.agenciare.site\/index\/wp-content\/uploads\/2026\/09\/image00003-scaled.jpg?resize=1536%2C1024&amp;ssl=1 1536w, https:\/\/i0.wp.com\/www.agenciare.site\/index\/wp-content\/uploads\/2026\/09\/image00003-scaled.jpg?resize=2048%2C1365&amp;ssl=1 2048w, https:\/\/i0.wp.com\/www.agenciare.site\/index\/wp-content\/uploads\/2026\/09\/image00003-scaled.jpg?w=1280 1280w, https:\/\/i0.wp.com\/www.agenciare.site\/index\/wp-content\/uploads\/2026\/09\/image00003-scaled.jpg?w=1920 1920w\" sizes=\"auto, (max-width: 640px) 100vw, 640px\" \/><\/p>\n<p>&nbsp;<\/p>\n<p>&nbsp;<\/p>\n<p>&nbsp;<\/p>\n","protected":false},"excerpt":{"rendered":"<p>&nbsp; \u00a0\u00a0\u00a0\u00a0\u00a0\u00a0\u00a0\u00a0\u00a0\u00a0\u00a0\u00a0\u00a0\u00a0\u00a0\u00a0\u00a0\u00a0\u00a0\u00a0\u00a0\u00a0\u00a0\u00a0\u00a0\u00a0\u00a0\u00a0\u00a0\u00a0\u00a0\u00a0\u00a0\u00a0\u00a0\u00a0\u00a0\u00a0 El Secretario General de Gobierno, Miguel \u00c1ngel Flores Serna,llama a los diputados que no acudieron a la reuni\u00f3n sobre el Presupuesto 2027 a sumarse al di\u00e1logo y poner a Nuevo Le\u00f3n por delante. El funcionario estatal refrenda la apertura del Gobierno del Estado para dialogar con todas las bancadas y alcanzar acuerdos por el bien del estado. Hoy\u00a0se llev\u00f3 a cabo\u00a0la primera reuni\u00f3n de trabajo con integrantes del Poder Legislativo y representantes de la sociedad civil como parte de los di\u00e1logos para la presentaci\u00f3n del Paquete Fiscal 2027.&hellip;<\/p>\n","protected":false},"author":3,"featured_media":210537,"comment_status":"open","ping_status":"open","sticky":false,"template":"","format":"standard","meta":{"_jetpack_newsletter_access":"","_jetpack_dont_email_post_to_subs":false,"_jetpack_newsletter_tier_id":0,"_jetpack_memberships_contains_paywalled_content":false,"_jetpack_feature_clip_id":0,"_jetpack_memberships_contains_paid_content":false,"footnotes":"","jetpack_post_was_ever_published":false},"categories":[1,45],"tags":[],"class_list":["post-210536","post","type-post","status-publish","format-standard","has-post-thumbnail","hentry","category-locales","category-politica"],"gutentor_comment":0,"jetpack_sharing_enabled":true,"jetpack_featured_media_url":"https:\/\/i0.wp.com\/www.agenciare.site\/index\/wp-content\/uploads\/2026\/09\/image00001-scaled.jpg?fit=2560%2C1707&ssl=1","_links":{"self":[{"href":"https:\/\/www.agenciare.site\/index\/wp-json\/wp\/v2\/posts\/210536","targetHints":{"allow":["GET"]}}],"collection":[{"href":"https:\/\/www.agenciare.site\/index\/wp-json\/wp\/v2\/posts"}],"about":[{"href":"https:\/\/www.agenciare.site\/index\/wp-json\/wp\/v2\/types\/post"}],"author":[{"embeddable":true,"href":"https:\/\/www.agenciare.site\/index\/wp-json\/wp\/v2\/users\/3"}],"replies":[{"embeddable":true,"href":"https:\/\/www.agenciare.site\/index\/wp-json\/wp\/v2\/comments?post=210536"}],"version-history":[{"count":1,"href":"https:\/\/www.agenciare.site\/index\/wp-json\/wp\/v2\/posts\/210536\/revisions"}],"predecessor-version":[{"id":210539,"href":"https:\/\/www.agenciare.site\/index\/wp-json\/wp\/v2\/posts\/210536\/revisions\/210539"}],"wp:featuredmedia":[{"embeddable":true,"href":"https:\/\/www.agenciare.site\/index\/wp-json\/wp\/v2\/media\/210537"}],"wp:attachment":[{"href":"https:\/\/www.agenciare.site\/index\/wp-json\/wp\/v2\/media?parent=210536"}],"wp:term":[{"taxonomy":"category","embeddable":true,"href":"https:\/\/www.agenciare.site\/index\/wp-json\/wp\/v2\/categories?post=210536"},{"taxonomy":"post_tag","embeddable":true,"href":"https:\/\/www.agenciare.site\/index\/wp-json\/wp\/v2\/tags?post=210536"}],"curies":[{"name":"wp","href":"https:\/\/api.w.org\/{rel}","templated":true}]}}