{"id":210531,"date":"2026-09-02T23:40:24","date_gmt":"2026-09-03T05:40:24","guid":{"rendered":"https:\/\/www.agenciare.site\/index\/?p=210531"},"modified":"2026-09-02T23:40:24","modified_gmt":"2026-09-03T05:40:24","slug":"instala-pri-nuevo-leon-mesa-de-representacion-electoral-rumbo-al-proceso-2026-2027","status":"publish","type":"post","link":"https:\/\/www.agenciare.site\/index\/archivos\/210531","title":{"rendered":"INSTALA PRI NUEVO LE\u00d3N MESA DE REPRESENTACI\u00d3N ELECTORAL RUMBO AL PROCESO 2026\u20132027"},"content":{"rendered":"<p>El Partido Revolucionario Institucional (PRI) en Nuevo Le\u00f3n llev\u00f3 a cabo la instalaci\u00f3n de la Mesa de Representaci\u00f3n Electoral, \u00f3rgano de organizaci\u00f3n partidista que tendr\u00e1 como objetivo fortalecer, coordinar y capacitar a la estructura electoral del partido de cara al Proceso Electoral 2026\u20132027.<\/p>\n<p>&nbsp;<\/p>\n<p>El acto se realiz\u00f3 en el auditorio L\u00e1zaro C\u00e1rdenas del Comit\u00e9 Directivo Estatal del PRI Nuevo Le\u00f3n y cont\u00f3 con la presencia del secretario de Acci\u00f3n Electoral del Comit\u00e9 Ejecutivo Nacional del PRI, <strong>Rodrigo Fuentes \u00c1vila<\/strong>, la subsecretaria de Operaci\u00f3n Electoral de la Secretar\u00eda de Acci\u00f3n Electoral del CEN del PRI, <strong>Nayeli Mart\u00ednez Melo; <\/strong>y el diputado federal <strong>Andr\u00e9s<\/strong> <strong>Cant\u00fa<\/strong>, coordinador de los diputados federales del PRI en Nuevo Le\u00f3n.<\/p>\n<p>&nbsp;<\/p>\n<p>Durante el encuentro, el presidente del PRI Nuevo Le\u00f3n, <strong>Jos\u00e9 Luis Garza Ochoa<\/strong>, dio la bienvenida a las y los integrantes de esta Mesa de Representaci\u00f3n Electoral y destac\u00f3 la importancia de dar formalidad y coordinaci\u00f3n al trabajo que se ha venido realizando en los municipios del estado.<\/p>\n<p>&nbsp;<\/p>\n<p><em>\u201cEstamos trabajando desde los 51 municipios y hoy damos formalidad a ese trabajo con la instalaci\u00f3n de esta Mesa de Representaci\u00f3n Electoral. Queremos una estructura preparada, coordinada y con claridad de lo que significa representar al PRI y garantizar que nuestra participaci\u00f3n en el pr\u00f3ximo proceso electoral se lleve a cabo con orden, responsabilidad y apego a la ley\u201d, afirm\u00f3 Jos\u00e9 Luis Garza Ochoa.<\/em><\/p>\n<p><img data-recalc-dims=\"1\" loading=\"lazy\" decoding=\"async\" class=\"alignnone wp-image-210533 size-full\" src=\"https:\/\/i0.wp.com\/www.agenciare.site\/index\/wp-content\/uploads\/2026\/09\/thumbnail-2026-09-02T233313.241.jpg?resize=640%2C427\" alt=\"\" width=\"640\" height=\"427\" srcset=\"https:\/\/i0.wp.com\/www.agenciare.site\/index\/wp-content\/uploads\/2026\/09\/thumbnail-2026-09-02T233313.241.jpg?w=1280&amp;ssl=1 1280w, https:\/\/i0.wp.com\/www.agenciare.site\/index\/wp-content\/uploads\/2026\/09\/thumbnail-2026-09-02T233313.241.jpg?resize=768%2C512&amp;ssl=1 768w\" sizes=\"auto, (max-width: 640px) 100vw, 640px\" \/><\/p>\n<p>&nbsp;<\/p>\n<p>En el evento tambi\u00e9n estuvieron presentes la secretaria general del PRI Nuevo Le\u00f3n, <strong>Mayra Leticia Hern\u00e1ndez Colunga<\/strong>; el secretario de Acci\u00f3n Electoral del PRI Nuevo Le\u00f3n, <strong>Cid Ibarra<\/strong>; y el representante del PRI ante el Instituto Estatal Electoral y de Participaci\u00f3n Ciudadana de Nuevo Le\u00f3n (IEEPCNL), <strong>Juan Esparza<\/strong>.<\/p>\n<p>&nbsp;<\/p>\n<p>&nbsp;<\/p>\n<p>&nbsp;<\/p>\n<p>La Mesa de Representaci\u00f3n Electoral qued\u00f3 integrada por los representantes partidistas ante los distintos \u00f3rganos electorales, entre ellos el representante del PRI ante el Consejo Local del INE; los 14 representantes de los Consejos Distritales ante el INE; el representante ante el Consejo General del IEEPCNL; as\u00ed como los 51 secretarios de Acci\u00f3n Electoral de los Comit\u00e9s Municipales del PRI en Nuevo Le\u00f3n.<\/p>\n<p>&nbsp;<\/p>\n<p>Con la toma de protesta de sus integrantes, el PRI Nuevo Le\u00f3n formaliza este espacio de coordinaci\u00f3n y trabajo electoral, fortaleciendo la comunicaci\u00f3n entre su dirigencia estatal, sus estructuras municipales y sus representantes ante los \u00f3rganos electorales.<\/p>\n<p>&nbsp;<\/p>\n<p>De esta manera, el partido contin\u00faa avanzando en la preparaci\u00f3n de su estructura en los 51 municipios de Nuevo Le\u00f3n, con organizaci\u00f3n y capacitaci\u00f3n de cara al proceso electoral 2026\u20132027.<\/p>\n<p><img data-recalc-dims=\"1\" loading=\"lazy\" decoding=\"async\" class=\"alignnone wp-image-210534 size-full\" src=\"https:\/\/i0.wp.com\/www.agenciare.site\/index\/wp-content\/uploads\/2026\/09\/thumbnail-2026-09-02T233321.802.jpg?resize=640%2C427\" alt=\"\" width=\"640\" height=\"427\" srcset=\"https:\/\/i0.wp.com\/www.agenciare.site\/index\/wp-content\/uploads\/2026\/09\/thumbnail-2026-09-02T233321.802.jpg?w=1039&amp;ssl=1 1039w, https:\/\/i0.wp.com\/www.agenciare.site\/index\/wp-content\/uploads\/2026\/09\/thumbnail-2026-09-02T233321.802.jpg?resize=768%2C512&amp;ssl=1 768w\" sizes=\"auto, (max-width: 640px) 100vw, 640px\" \/><\/p>\n","protected":false},"excerpt":{"rendered":"<p>El Partido Revolucionario Institucional (PRI) en Nuevo Le\u00f3n llev\u00f3 a cabo la instalaci\u00f3n de la Mesa de Representaci\u00f3n Electoral, \u00f3rgano de organizaci\u00f3n partidista que tendr\u00e1 como objetivo fortalecer, coordinar y capacitar a la estructura electoral del partido de cara al Proceso Electoral 2026\u20132027. &nbsp; El acto se realiz\u00f3 en el auditorio L\u00e1zaro C\u00e1rdenas del Comit\u00e9 Directivo Estatal del PRI Nuevo Le\u00f3n y cont\u00f3 con la presencia del secretario de Acci\u00f3n Electoral del Comit\u00e9 Ejecutivo Nacional del PRI, Rodrigo Fuentes \u00c1vila, la subsecretaria de Operaci\u00f3n Electoral de la Secretar\u00eda de Acci\u00f3n&hellip;<\/p>\n","protected":false},"author":3,"featured_media":210532,"comment_status":"open","ping_status":"open","sticky":false,"template":"","format":"standard","meta":{"_jetpack_newsletter_access":"","_jetpack_dont_email_post_to_subs":false,"_jetpack_newsletter_tier_id":0,"_jetpack_memberships_contains_paywalled_content":false,"_jetpack_feature_clip_id":0,"_jetpack_memberships_contains_paid_content":false,"footnotes":"","jetpack_post_was_ever_published":false},"categories":[1,45],"tags":[],"class_list":["post-210531","post","type-post","status-publish","format-standard","has-post-thumbnail","hentry","category-locales","category-politica"],"gutentor_comment":0,"jetpack_sharing_enabled":true,"jetpack_featured_media_url":"https:\/\/i0.wp.com\/www.agenciare.site\/index\/wp-content\/uploads\/2026\/09\/thumbnail-2026-09-02T233306.250.jpg?fit=1280%2C854&ssl=1","_links":{"self":[{"href":"https:\/\/www.agenciare.site\/index\/wp-json\/wp\/v2\/posts\/210531","targetHints":{"allow":["GET"]}}],"collection":[{"href":"https:\/\/www.agenciare.site\/index\/wp-json\/wp\/v2\/posts"}],"about":[{"href":"https:\/\/www.agenciare.site\/index\/wp-json\/wp\/v2\/types\/post"}],"author":[{"embeddable":true,"href":"https:\/\/www.agenciare.site\/index\/wp-json\/wp\/v2\/users\/3"}],"replies":[{"embeddable":true,"href":"https:\/\/www.agenciare.site\/index\/wp-json\/wp\/v2\/comments?post=210531"}],"version-history":[{"count":1,"href":"https:\/\/www.agenciare.site\/index\/wp-json\/wp\/v2\/posts\/210531\/revisions"}],"predecessor-version":[{"id":210535,"href":"https:\/\/www.agenciare.site\/index\/wp-json\/wp\/v2\/posts\/210531\/revisions\/210535"}],"wp:featuredmedia":[{"embeddable":true,"href":"https:\/\/www.agenciare.site\/index\/wp-json\/wp\/v2\/media\/210532"}],"wp:attachment":[{"href":"https:\/\/www.agenciare.site\/index\/wp-json\/wp\/v2\/media?parent=210531"}],"wp:term":[{"taxonomy":"category","embeddable":true,"href":"https:\/\/www.agenciare.site\/index\/wp-json\/wp\/v2\/categories?post=210531"},{"taxonomy":"post_tag","embeddable":true,"href":"https:\/\/www.agenciare.site\/index\/wp-json\/wp\/v2\/tags?post=210531"}],"curies":[{"name":"wp","href":"https:\/\/api.w.org\/{rel}","templated":true}]}}