{"id":210520,"date":"2026-09-02T23:21:30","date_gmt":"2026-09-03T05:21:30","guid":{"rendered":"https:\/\/www.agenciare.site\/index\/?p=210520"},"modified":"2026-09-02T23:21:30","modified_gmt":"2026-09-03T05:21:30","slug":"samuel-supera-a-medina-y-al-bronco-en-todo-pero-de-manera-negativa-waldo","status":"publish","type":"post","link":"https:\/\/www.agenciare.site\/index\/archivos\/210520","title":{"rendered":"Samuel supera a Medina y al Bronco en todo, pero de manera negativa: Waldo"},"content":{"rendered":"<header class=\"cm-entry-header\">\n<h1 class=\"cm-entry-title\"><\/h1>\n<\/header>\n<div class=\"cm-entry-summary\">\n<p>Waldo Fern\u00e1ndez, aspirante a la Coordinaci\u00f3n de la Defensa de la Transformaci\u00f3n y la Soberan\u00eda Nacional en Nuevo Le\u00f3n, acus\u00f3 al gobierno de Samuel Garc\u00eda de hacer del agua un negocio a costa de las familias.<\/p>\n<p>En cuatro a\u00f1os, Agua y Drenaje dispar\u00f3 68% la tarifa: m\u00e1s que Rodrigo Medina en seis a\u00f1os (56%) y m\u00e1s que Jaime Rodr\u00edguez en seis (35%).<\/p>\n<p>Waldo se\u00f1al\u00f3 que Garc\u00eda lleg\u00f3 al cargo cuestionando a sus antecesores y hoy los ha rebasado negativamente en distintos indicadores de su administraci\u00f3n.<\/p>\n<p>\u201cYa los super\u00f3 en deuda, ya los super\u00f3 en d\u00e9ficit financiero, ya los super\u00f3 en obras tiradas. Rodrigo Medina dej\u00f3 tirada una l\u00ednea del Metro. Jaime se tard\u00f3 tres a\u00f1os en poderla terminar. Este hombre ya est\u00e1 dejando dos l\u00edneas tiradas del Metro, una Interserrana. Los est\u00e1 superando en el p\u00e9simo servicio del agua, los est\u00e1 superando en todo, pero de manera negativa\u201d, afirm\u00f3.<\/p>\n<p>El senador con licencia consider\u00f3 que Agua y Drenaje dej\u00f3 atr\u00e1s el sentido original del cobro por el servicio.<\/p>\n<p>\u201cPasamos de cobrar una cuota de recuperaci\u00f3n por el servicio del agua a la venta del l\u00edquido. El aumento es desproporcionado\u201d, se\u00f1al\u00f3.<\/p>\n<p>Tras recorrer Nuevo Le\u00f3n tres veces, Waldo asegur\u00f3 que la gente est\u00e1 \u201cenojad\u00edsima\u201d por el servicio del agua que provee el Estado.<\/p>\n<p>\u201cEn el primer cuadro de la ciudad y en el poniente, de las regaderas salen heces fecales. Hay zonas como Garc\u00eda, Pesquer\u00eda, Ci\u00e9nega de Flores, con permanentes cortes de agua. Hay otras con baja presi\u00f3n y todo mundo se queja de lo caro de los recibos. Llegan recibos de hasta 30 mil pesos en un mes, inexplicables.\u201d<\/p>\n<p>Finalmente, Fern\u00e1ndez se refiri\u00f3 a la ca\u00edda de casi 35% en el valor de la obra p\u00fablica en Nuevo Le\u00f3n y la relacion\u00f3 con el manejo financiero y la ejecuci\u00f3n de proyectos del Gobierno estatal.<\/p>\n<p>\u201cTodo es un desorden, todo es lo que se me ocurri\u00f3 en la ma\u00f1ana y en base a lo que se me ocurri\u00f3 en la ma\u00f1ana hago la declaraci\u00f3n, hago la solicitud\u201d, concluy\u00f3.<\/p>\n<div class=\"addtoany_share_save_container addtoany_content addtoany_content_bottom\">\n<div class=\"a2a_kit a2a_kit_size_32 addtoany_list\" data-a2a-url=\"https:\/\/revistasentidosconvalores.com\/2026\/09\/02\/samuel-supera-a-medina-y-al-bronco-en-todo-pero-de-manera-negativa-waldo\/\" data-a2a-title=\"Samuel supera a Medina y al Bronco en todo, pero de manera negativa: Waldo\"><\/div>\n<\/div>\n<\/div>\n","protected":false},"excerpt":{"rendered":"<p>Waldo Fern\u00e1ndez, aspirante a la Coordinaci\u00f3n de la Defensa de la Transformaci\u00f3n y la Soberan\u00eda Nacional en Nuevo Le\u00f3n, acus\u00f3 al gobierno de Samuel Garc\u00eda de hacer del agua un negocio a costa de las familias. En cuatro a\u00f1os, Agua y Drenaje dispar\u00f3 68% la tarifa: m\u00e1s que Rodrigo Medina en seis a\u00f1os (56%) y m\u00e1s que Jaime Rodr\u00edguez en seis (35%). Waldo se\u00f1al\u00f3 que Garc\u00eda lleg\u00f3 al cargo cuestionando a sus antecesores y hoy los ha rebasado negativamente en distintos indicadores de su administraci\u00f3n. \u201cYa los super\u00f3 en deuda,&hellip;<\/p>\n","protected":false},"author":3,"featured_media":210521,"comment_status":"open","ping_status":"open","sticky":false,"template":"","format":"standard","meta":{"_jetpack_newsletter_access":"","_jetpack_dont_email_post_to_subs":false,"_jetpack_newsletter_tier_id":0,"_jetpack_memberships_contains_paywalled_content":false,"_jetpack_feature_clip_id":0,"_jetpack_memberships_contains_paid_content":false,"footnotes":"","jetpack_post_was_ever_published":false},"categories":[1,45],"tags":[],"class_list":["post-210520","post","type-post","status-publish","format-standard","has-post-thumbnail","hentry","category-locales","category-politica"],"gutentor_comment":0,"jetpack_sharing_enabled":true,"jetpack_featured_media_url":"https:\/\/i0.wp.com\/www.agenciare.site\/index\/wp-content\/uploads\/2026\/09\/IMG-20260902-WA0052-1-800x445-1.jpg?fit=800%2C445&ssl=1","_links":{"self":[{"href":"https:\/\/www.agenciare.site\/index\/wp-json\/wp\/v2\/posts\/210520","targetHints":{"allow":["GET"]}}],"collection":[{"href":"https:\/\/www.agenciare.site\/index\/wp-json\/wp\/v2\/posts"}],"about":[{"href":"https:\/\/www.agenciare.site\/index\/wp-json\/wp\/v2\/types\/post"}],"author":[{"embeddable":true,"href":"https:\/\/www.agenciare.site\/index\/wp-json\/wp\/v2\/users\/3"}],"replies":[{"embeddable":true,"href":"https:\/\/www.agenciare.site\/index\/wp-json\/wp\/v2\/comments?post=210520"}],"version-history":[{"count":1,"href":"https:\/\/www.agenciare.site\/index\/wp-json\/wp\/v2\/posts\/210520\/revisions"}],"predecessor-version":[{"id":210522,"href":"https:\/\/www.agenciare.site\/index\/wp-json\/wp\/v2\/posts\/210520\/revisions\/210522"}],"wp:featuredmedia":[{"embeddable":true,"href":"https:\/\/www.agenciare.site\/index\/wp-json\/wp\/v2\/media\/210521"}],"wp:attachment":[{"href":"https:\/\/www.agenciare.site\/index\/wp-json\/wp\/v2\/media?parent=210520"}],"wp:term":[{"taxonomy":"category","embeddable":true,"href":"https:\/\/www.agenciare.site\/index\/wp-json\/wp\/v2\/categories?post=210520"},{"taxonomy":"post_tag","embeddable":true,"href":"https:\/\/www.agenciare.site\/index\/wp-json\/wp\/v2\/tags?post=210520"}],"curies":[{"name":"wp","href":"https:\/\/api.w.org\/{rel}","templated":true}]}}