{"id":210517,"date":"2026-09-02T23:14:50","date_gmt":"2026-09-03T05:14:50","guid":{"rendered":"https:\/\/www.agenciare.site\/index\/?p=210517"},"modified":"2026-09-02T23:14:50","modified_gmt":"2026-09-03T05:14:50","slug":"ingresan-41-nuevos-cadetes-a-la-academia-de-policia-de-monterrey","status":"publish","type":"post","link":"https:\/\/www.agenciare.site\/index\/archivos\/210517","title":{"rendered":"Ingresan 41 nuevos cadetes\u00a0a la Academia de Polic\u00eda de Monterrey\u00a0"},"content":{"rendered":"<header class=\"cm-entry-header\"><\/header>\n<div class=\"cm-entry-summary\">\n<p>&nbsp;<\/p>\n<p>La Secretar\u00eda de Seguridad y Protecci\u00f3n Ciudadana de Monterrey recibi\u00f3 a 41 nuevos cadetes que iniciar\u00e1n su proceso de formaci\u00f3n y capacitaci\u00f3n policial en la Academia de Polic\u00eda.<\/p>\n<p>Durante la ceremonia de bienvenida, el Comisario General Eduardo S\u00e1nchez Quiroz exhort\u00f3 a los aspirantes a asumir con responsabilidad, disciplina y compromiso esta nueva etapa de su vida, destacando la importancia de mantenerse atentos durante su preparaci\u00f3n.<\/p>\n<p>\u201cEst\u00e1n empezando una nueva etapa en su vida, donde van a recibir una formaci\u00f3n, en donde hay reglas y disciplina, por lo que deben estar atentos en toda su capacitaci\u00f3n\u201d, expres\u00f3.<\/p>\n<p>El grupo est\u00e1 integrado por 27 cadetes de Polic\u00eda de Proximidad y 14 de Guardia Auxiliar, quienes comenzaron su preparaci\u00f3n profesional con el objetivo de servir a la sociedad regiomontana bajo los principios de legalidad, disciplina, profesionalismo y proximidad ciudadana.<\/p>\n<p>Como parte de las condiciones para quienes se encuentran en formaci\u00f3n, los cadetes de Polic\u00eda reciben un sueldo mensual de 15 mil pesos, mientras que los de Guardia Auxiliar perciben 12 mil pesos mensuales, adem\u00e1s de contar con servicio m\u00e9dico.<\/p>\n<p>Estas acciones forman parte de la estrategia de seguridad ESCUDO, impulsada para fortalecer el estado de fuerza de la instituci\u00f3n policial y ampliar las capacidades de atenci\u00f3n y protecci\u00f3n a la ciudadan\u00eda.<\/p>\n<p>En su primer d\u00eda de actividades, los nuevos cadetes realizaron un recorrido por las distintas \u00e1reas de las modernas instalaciones de la Academia de Polic\u00eda, donde conocieron los espacios en los que desarrollar\u00e1n su proceso de formaci\u00f3n.<\/p>\n<p>En el acto estuvieron presentes Brisilot Sandoval, Director de Academia, Formaci\u00f3n y Especializaci\u00f3n Policial; Ricardo Gonz\u00e1lez, Director de Tr\u00e1nsito; Sa\u00fal Eduardo Rodr\u00edguez, Director de Polic\u00eda de Investigaci\u00f3n; Jes\u00fas Adri\u00e1n Gaus\u00edn, Director de Polic\u00eda de Operaciones Especiales; Jos\u00e9 Santos Gonz\u00e1lez, Director de Polic\u00eda de Proximidad; Jorge Ortega, Inspector General de Inteligencia, y Rodolfo Y\u00e1\u00f1ez, Coordinador de Recursos Humanos de la Academia.<\/p>\n<p><strong>MANTIENEN ABIERTA LA CONVOCATORIA<\/strong><\/p>\n<p>La Secretar\u00eda de Seguridad y Protecci\u00f3n Ciudadana mantiene abierta la convocatoria para las personas interesadas en integrarse a la corporaci\u00f3n, tanto en sus \u00e1reas operativas como en el C4.<\/p>\n<p>Los interesados pueden acudir al Centro de Reclutamiento de la Academia de Polic\u00eda, ubicado en calle Miguel Barrag\u00e1n s\/n, colonia Industrial, o solicitar informes en los tel\u00e9fonos 81 5102 6750, extensiones 51, 52 y 53.<\/p>\n<p>El horario de atenci\u00f3n es de lunes a viernes, de 8:00 a 17:00 horas.<\/p>\n<div class=\"addtoany_share_save_container addtoany_content addtoany_content_bottom\">\n<div class=\"a2a_kit a2a_kit_size_32 addtoany_list\" data-a2a-url=\"https:\/\/revistasentidosconvalores.com\/2026\/09\/02\/ingresan-41-nuevos-cadetes-a-la-academia-de-policia-de-monterrey\/\" data-a2a-title=\"Ingresan 41 nuevos cadetes\u00a0a la Academia de Polic\u00eda de Monterrey\u00a0\"><\/div>\n<\/div>\n<\/div>\n","protected":false},"excerpt":{"rendered":"<p>&nbsp; La Secretar\u00eda de Seguridad y Protecci\u00f3n Ciudadana de Monterrey recibi\u00f3 a 41 nuevos cadetes que iniciar\u00e1n su proceso de formaci\u00f3n y capacitaci\u00f3n policial en la Academia de Polic\u00eda. Durante la ceremonia de bienvenida, el Comisario General Eduardo S\u00e1nchez Quiroz exhort\u00f3 a los aspirantes a asumir con responsabilidad, disciplina y compromiso esta nueva etapa de su vida, destacando la importancia de mantenerse atentos durante su preparaci\u00f3n. \u201cEst\u00e1n empezando una nueva etapa en su vida, donde van a recibir una formaci\u00f3n, en donde hay reglas y disciplina, por lo que deben&hellip;<\/p>\n","protected":false},"author":3,"featured_media":210518,"comment_status":"open","ping_status":"open","sticky":false,"template":"","format":"standard","meta":{"_jetpack_newsletter_access":"","_jetpack_dont_email_post_to_subs":false,"_jetpack_newsletter_tier_id":0,"_jetpack_memberships_contains_paywalled_content":false,"_jetpack_feature_clip_id":0,"_jetpack_memberships_contains_paid_content":false,"footnotes":"","jetpack_post_was_ever_published":false},"categories":[1,29],"tags":[],"class_list":["post-210517","post","type-post","status-publish","format-standard","has-post-thumbnail","hentry","category-locales","category-seguridad"],"gutentor_comment":0,"jetpack_sharing_enabled":true,"jetpack_featured_media_url":"https:\/\/i0.wp.com\/www.agenciare.site\/index\/wp-content\/uploads\/2026\/09\/IMG-20260902-WA0012-800x445-1.jpg?fit=800%2C445&ssl=1","_links":{"self":[{"href":"https:\/\/www.agenciare.site\/index\/wp-json\/wp\/v2\/posts\/210517","targetHints":{"allow":["GET"]}}],"collection":[{"href":"https:\/\/www.agenciare.site\/index\/wp-json\/wp\/v2\/posts"}],"about":[{"href":"https:\/\/www.agenciare.site\/index\/wp-json\/wp\/v2\/types\/post"}],"author":[{"embeddable":true,"href":"https:\/\/www.agenciare.site\/index\/wp-json\/wp\/v2\/users\/3"}],"replies":[{"embeddable":true,"href":"https:\/\/www.agenciare.site\/index\/wp-json\/wp\/v2\/comments?post=210517"}],"version-history":[{"count":1,"href":"https:\/\/www.agenciare.site\/index\/wp-json\/wp\/v2\/posts\/210517\/revisions"}],"predecessor-version":[{"id":210519,"href":"https:\/\/www.agenciare.site\/index\/wp-json\/wp\/v2\/posts\/210517\/revisions\/210519"}],"wp:featuredmedia":[{"embeddable":true,"href":"https:\/\/www.agenciare.site\/index\/wp-json\/wp\/v2\/media\/210518"}],"wp:attachment":[{"href":"https:\/\/www.agenciare.site\/index\/wp-json\/wp\/v2\/media?parent=210517"}],"wp:term":[{"taxonomy":"category","embeddable":true,"href":"https:\/\/www.agenciare.site\/index\/wp-json\/wp\/v2\/categories?post=210517"},{"taxonomy":"post_tag","embeddable":true,"href":"https:\/\/www.agenciare.site\/index\/wp-json\/wp\/v2\/tags?post=210517"}],"curies":[{"name":"wp","href":"https:\/\/api.w.org\/{rel}","templated":true}]}}