{"id":210511,"date":"2026-09-02T22:56:30","date_gmt":"2026-09-03T04:56:30","guid":{"rendered":"https:\/\/www.agenciare.site\/index\/?p=210511"},"modified":"2026-09-02T22:56:48","modified_gmt":"2026-09-03T04:56:48","slug":"exhorta-congreso-del-estado-a-ejecutivo-a-publicar-decretos","status":"publish","type":"post","link":"https:\/\/www.agenciare.site\/index\/archivos\/210511","title":{"rendered":"EXHORTA CONGRESO DEL ESTADO A EJECUTIVO A PUBLICAR DECRETOS"},"content":{"rendered":"<div id=\"pf1\" class=\"dp-page-outer\">\n<div class=\"dp-page-inner\">\n<div class=\"aps-page\">\n<div class=\"container\">\n<p>&nbsp;<\/p>\n<p>El Congreso del Estado aprob\u00f3 exhortar al Gobierno que encabeza Samuel Garc\u00eda a publicar los seis decretos legislativos que fueron vetados y que la Suprema Corte de Justicia de la naci\u00f3n reconoci\u00f3 su validez.<\/p>\n<p>Carlos de la Fuente Flores hizo la solicitud a trav\u00e9s de un Punto de Acuerdo presentado en la sesi\u00f3n ordinaria del Poder Legislativo, \u00e9ste mi\u00e9rcoles.<\/p>\n<p>El Coordinador de Diputados Locales de Acci\u00f3n Nacional, detall\u00f3 el acuerdo aprobado.<\/p>\n<p>\u201cEl Punto de Acuerdo para solicitarle al Gobernador pues que ya se deje de cosas. Ya no es un Punto de Acuerdo del Congreso, es una resoluci\u00f3n de la Corte para que publique estos seis decretos que ya la Corte dijo que el procedimiento que hizo este Congreso fue el correcto, y que dos terceras partes de los Diputados avalaron lo la opini\u00f3n de la Comisi\u00f3n de Estudio Previo\u201d, explic\u00f3.<\/p>\n<p>\u201cAs\u00ed que ya no es un tema de si quiere o no quiere. Si no lo hace, le vamos a pedir a la Corte que por varias ocasiones sancione al Gobernador por un desacato de la Corte, como lo ha hecho en otras ocasiones, \u00bfverdad?\u201d, a\u00f1adi\u00f3.<\/p>\n<p>El l\u00edder de la bancada panista dijo que es una resoluci\u00f3n que se debe acatar.<\/p>\n<p>\u201cLa Corte por fin resolvi\u00f3 una situaci\u00f3n en la que el Estado meti\u00f3 una controversia en el 2023. Pues cuando la Corte resuelva se puede avanzar. Acaba de resolver y le dio \u00b4coscorr\u00f3n\u00b4 nuevamente al Gobernador. Por eso viene bien claro en el acuerdo, viene bien claro: esto no significa un nuevo acto jur\u00eddico. Es solamente un recordatorio de lo que acaba de concluir la Corte que le pedimos que publique\u201d, enfatiz\u00f3.<\/p>\n<p>Se trata de los Decretos Legislativos n\u00fameros 118, 139, 148, 151, 184 y 263, aprobados por la LXXVI Legislatura.<\/p>\n<p>Dentro de los vetos en cuesti\u00f3n, se encuentra el aval a reformas a la Ley de Hacienda de Nuevo Le\u00f3n, para que el titular de la Subsecretar\u00eda de Administraci\u00f3n Tributaria (SAT) del Estado sea designado por el Poder Legislativo.<\/p>\n<p>Otro de los vetos desechados por la Suprema Corte de la Naci\u00f3n es el de reformas a las leyes de Movilidad, relacionadas con la factibilidad de obras y el uso de bicicletas y ciclov\u00edas.<\/p>\n<\/div>\n<\/div>\n<\/div>\n<\/div>\n<div id=\"pf2\" class=\"dp-page-outer\">\n<div class=\"dp-page-inner\">\n<div class=\"aps-page\">\n<div class=\"container\">\n<p>Adem\u00e1s, el de Patrimonio Cultural, que est\u00e1 a favor de las peleas de gallos y la tauromaquia, y de Adquisiciones, para la certeza a las licitaciones en \u00e1reas de seguridad p\u00fablica.<\/p>\n<p>Tambi\u00e9n la Corte aval\u00f3 el ajuste el decreto correspondiente a la conformaci\u00f3n del Consejo de Administraci\u00f3n de Agua y Drenaje.<\/p>\n<p>Dentro de los decretos se encuentra tambi\u00e9n una reforma a la Ley Org\u00e1nica del Poder Legislativo para implementar en el Poder Legislativo un Centro de Estudios Econ\u00f3micos.<\/p>\n<p>El Punto de Acuerdo fue aprobado con 28 votos a favor y 9 en contra de la Bancada de Movimiento Ciudadano.<\/p>\n<\/div>\n<\/div>\n<\/div>\n<\/div>\n","protected":false},"excerpt":{"rendered":"<p>&nbsp; El Congreso del Estado aprob\u00f3 exhortar al Gobierno que encabeza Samuel Garc\u00eda a publicar los seis decretos legislativos que fueron vetados y que la Suprema Corte de Justicia de la naci\u00f3n reconoci\u00f3 su validez. Carlos de la Fuente Flores hizo la solicitud a trav\u00e9s de un Punto de Acuerdo presentado en la sesi\u00f3n ordinaria del Poder Legislativo, \u00e9ste mi\u00e9rcoles. El Coordinador de Diputados Locales de Acci\u00f3n Nacional, detall\u00f3 el acuerdo aprobado. \u201cEl Punto de Acuerdo para solicitarle al Gobernador pues que ya se deje de cosas. Ya no es&hellip;<\/p>\n","protected":false},"author":3,"featured_media":210512,"comment_status":"open","ping_status":"open","sticky":false,"template":"","format":"standard","meta":{"_jetpack_newsletter_access":"","_jetpack_dont_email_post_to_subs":false,"_jetpack_newsletter_tier_id":0,"_jetpack_memberships_contains_paywalled_content":false,"_jetpack_feature_clip_id":0,"_jetpack_memberships_contains_paid_content":false,"footnotes":"","jetpack_post_was_ever_published":false},"categories":[1,45],"tags":[],"class_list":["post-210511","post","type-post","status-publish","format-standard","has-post-thumbnail","hentry","category-locales","category-politica"],"gutentor_comment":0,"jetpack_sharing_enabled":true,"jetpack_featured_media_url":"https:\/\/i0.wp.com\/www.agenciare.site\/index\/wp-content\/uploads\/2026\/09\/55503648102_cf594f324f_h.jpg?fit=1600%2C898&ssl=1","_links":{"self":[{"href":"https:\/\/www.agenciare.site\/index\/wp-json\/wp\/v2\/posts\/210511","targetHints":{"allow":["GET"]}}],"collection":[{"href":"https:\/\/www.agenciare.site\/index\/wp-json\/wp\/v2\/posts"}],"about":[{"href":"https:\/\/www.agenciare.site\/index\/wp-json\/wp\/v2\/types\/post"}],"author":[{"embeddable":true,"href":"https:\/\/www.agenciare.site\/index\/wp-json\/wp\/v2\/users\/3"}],"replies":[{"embeddable":true,"href":"https:\/\/www.agenciare.site\/index\/wp-json\/wp\/v2\/comments?post=210511"}],"version-history":[{"count":1,"href":"https:\/\/www.agenciare.site\/index\/wp-json\/wp\/v2\/posts\/210511\/revisions"}],"predecessor-version":[{"id":210513,"href":"https:\/\/www.agenciare.site\/index\/wp-json\/wp\/v2\/posts\/210511\/revisions\/210513"}],"wp:featuredmedia":[{"embeddable":true,"href":"https:\/\/www.agenciare.site\/index\/wp-json\/wp\/v2\/media\/210512"}],"wp:attachment":[{"href":"https:\/\/www.agenciare.site\/index\/wp-json\/wp\/v2\/media?parent=210511"}],"wp:term":[{"taxonomy":"category","embeddable":true,"href":"https:\/\/www.agenciare.site\/index\/wp-json\/wp\/v2\/categories?post=210511"},{"taxonomy":"post_tag","embeddable":true,"href":"https:\/\/www.agenciare.site\/index\/wp-json\/wp\/v2\/tags?post=210511"}],"curies":[{"name":"wp","href":"https:\/\/api.w.org\/{rel}","templated":true}]}}