{"id":210507,"date":"2026-09-02T22:49:04","date_gmt":"2026-09-03T04:49:04","guid":{"rendered":"https:\/\/www.agenciare.site\/index\/?p=210507"},"modified":"2026-09-02T22:51:07","modified_gmt":"2026-09-03T04:51:07","slug":"aprueban-licencia-del-diputado-mario-soto","status":"publish","type":"post","link":"https:\/\/www.agenciare.site\/index\/archivos\/210507","title":{"rendered":"APRUEBAN LICENCIA DEL DIPUTADO MARIO SOTO Y ENTRA SUPLENTE"},"content":{"rendered":"<p>El Congreso del Estado aprob\u00f3 la Licencia por tiempo indefinido al Diputado Mario Soto, para abstenerse de desempe\u00f1ar el cargo de esta Legislatura, sin goce de sueldo, remuneraciones o de las prerrogativas y atribuciones conferidas al mismo a partir del 02 de Septiembre del 2026.<\/p>\n<p>La Diputada Esther Berenice Mart\u00ednez present\u00f3 ante el Pleno el dictamen de la Comisi\u00f3n de Gobernaci\u00f3n y Organizaci\u00f3n Interna de los Poderes.<\/p>\n<p>Se aprob\u00f3 tambi\u00e9n llamar al Diputado Suplente Francisco del Bosque Ramos para que se presente a rendir la protesta de Ley correspondiente.<\/p>\n<p>En la misma Sesi\u00f3n la Diputada Perla Villarreal le tomo protesta al Legislador quedando integrado al Congreso<\/p>\n","protected":false},"excerpt":{"rendered":"<p>El Congreso del Estado aprob\u00f3 la Licencia por tiempo indefinido al Diputado Mario Soto, para abstenerse de desempe\u00f1ar el cargo de esta Legislatura, sin goce de sueldo, remuneraciones o de las prerrogativas y atribuciones conferidas al mismo a partir del 02 de Septiembre del 2026. La Diputada Esther Berenice Mart\u00ednez present\u00f3 ante el Pleno el dictamen de la Comisi\u00f3n de Gobernaci\u00f3n y Organizaci\u00f3n Interna de los Poderes. Se aprob\u00f3 tambi\u00e9n llamar al Diputado Suplente Francisco del Bosque Ramos para que se presente a rendir la protesta de Ley correspondiente. En&hellip;<\/p>\n","protected":false},"author":3,"featured_media":210508,"comment_status":"open","ping_status":"open","sticky":false,"template":"","format":"standard","meta":{"_jetpack_newsletter_access":"","_jetpack_dont_email_post_to_subs":false,"_jetpack_newsletter_tier_id":0,"_jetpack_memberships_contains_paywalled_content":false,"_jetpack_feature_clip_id":0,"_jetpack_memberships_contains_paid_content":false,"footnotes":"","jetpack_post_was_ever_published":false},"categories":[1,45],"tags":[],"class_list":["post-210507","post","type-post","status-publish","format-standard","has-post-thumbnail","hentry","category-locales","category-politica"],"gutentor_comment":0,"jetpack_sharing_enabled":true,"jetpack_featured_media_url":"https:\/\/i0.wp.com\/www.agenciare.site\/index\/wp-content\/uploads\/2026\/09\/55504793978_ca68369a19_h.jpg?fit=1600%2C1067&ssl=1","_links":{"self":[{"href":"https:\/\/www.agenciare.site\/index\/wp-json\/wp\/v2\/posts\/210507","targetHints":{"allow":["GET"]}}],"collection":[{"href":"https:\/\/www.agenciare.site\/index\/wp-json\/wp\/v2\/posts"}],"about":[{"href":"https:\/\/www.agenciare.site\/index\/wp-json\/wp\/v2\/types\/post"}],"author":[{"embeddable":true,"href":"https:\/\/www.agenciare.site\/index\/wp-json\/wp\/v2\/users\/3"}],"replies":[{"embeddable":true,"href":"https:\/\/www.agenciare.site\/index\/wp-json\/wp\/v2\/comments?post=210507"}],"version-history":[{"count":2,"href":"https:\/\/www.agenciare.site\/index\/wp-json\/wp\/v2\/posts\/210507\/revisions"}],"predecessor-version":[{"id":210510,"href":"https:\/\/www.agenciare.site\/index\/wp-json\/wp\/v2\/posts\/210507\/revisions\/210510"}],"wp:featuredmedia":[{"embeddable":true,"href":"https:\/\/www.agenciare.site\/index\/wp-json\/wp\/v2\/media\/210508"}],"wp:attachment":[{"href":"https:\/\/www.agenciare.site\/index\/wp-json\/wp\/v2\/media?parent=210507"}],"wp:term":[{"taxonomy":"category","embeddable":true,"href":"https:\/\/www.agenciare.site\/index\/wp-json\/wp\/v2\/categories?post=210507"},{"taxonomy":"post_tag","embeddable":true,"href":"https:\/\/www.agenciare.site\/index\/wp-json\/wp\/v2\/tags?post=210507"}],"curies":[{"name":"wp","href":"https:\/\/api.w.org\/{rel}","templated":true}]}}