{"id":210500,"date":"2026-09-02T22:39:46","date_gmt":"2026-09-03T04:39:46","guid":{"rendered":"https:\/\/www.agenciare.site\/index\/?p=210500"},"modified":"2026-09-02T22:40:32","modified_gmt":"2026-09-03T04:40:32","slug":"urge-elsa-escobedo-instalar-sistemas-de-aire-acondicionado-en-escuelas","status":"publish","type":"post","link":"https:\/\/www.agenciare.site\/index\/archivos\/210500","title":{"rendered":"URGE ELSA ESCOBEDO INSTALAR SISTEMAS DE AIRE ACONDICIONADO EN ESCUELAS"},"content":{"rendered":"<div id=\"pf1\" class=\"dp-page-outer\">\n<div class=\"dp-page-inner\">\n<div class=\"aps-page\">\n<div class=\"container\">\n<p>&nbsp;<\/p>\n<p>La Diputada local del PRI, Elsa Escobedo V\u00e1zquez, urgi\u00f3 al Instituto Constructor de Infraestructura F\u00edsica Educativa y Deportiva (ICIFED) a instalar sistemas de aire acondicionado en las escuelas p\u00fablicas ante las temperaturas que rondan los 40 grados.<\/p>\n<p>La legisladora se\u00f1al\u00f3 que, de acuerdo con informaci\u00f3n difundida por autoridades educativas y medios de comunicaci\u00f3n, entre 330 y 400 planteles p\u00fablicos no cuentan con aire acondicionado, lo que representa aproximadamente el 10 por ciento de las escuelas de la entidad.<\/p>\n<p>\u201cEstamos hablando de miles de estudiantes que regresan a clases en aulas que pueden alcanzar temperaturas superiores a los 40 grados. No podemos considerar que contar con aire acondicionado sea un lujo o algo secundario cuando estamos hablando de la salud, la integridad y las condiciones en las que nuestras ni\u00f1as, ni\u00f1os y j\u00f3venes reciben educaci\u00f3n\u201d, afirm\u00f3.<\/p>\n<p>\u201cEstas condiciones nos hablan de un rezago acumulado que no ha sido atendido de manera preventiva. Las escuelas no pueden esperar a que ocurra una emergencia para recibir mantenimiento; necesitamos una pol\u00edtica permanente de prevenci\u00f3n, rehabilitaci\u00f3n y equipamiento\u201d, sostuvo.<\/p>\n<p>La Diputada priista cuestion\u00f3 adem\u00e1s que desde la Secretar\u00eda de Educaci\u00f3n estatal se haya se\u00f1alado que los aires acondicionados \u201cno son prioridad\u201d dentro de las necesidades b\u00e1sicas de los planteles.<\/p>\n<p>\u201cDecir que los aires acondicionados no son prioridad desconoce completamente la realidad que vivimos en Nuevo Le\u00f3n. En nuestro estado, tener un aula sin climatizaci\u00f3n durante una jornada escolar en medio de temperaturas extremas s\u00ed representa un riesgo y afecta directamente la capacidad de las y los estudiantes para aprender\u201d, manifest\u00f3.<\/p>\n<p>\u201cNo basta con instalar equipos; necesitamos garantizar que funcionen y que, cuando se descompongan, existan los recursos y los mecanismos para repararlos o sustituirlos de inmediato. La climatizaci\u00f3n de las escuelas debe formar parte de una estrategia permanente de mantenimiento y prevenci\u00f3n\u201d, explic\u00f3.<\/p>\n<\/div>\n<\/div>\n<\/div>\n<\/div>\n<div id=\"pf2\" class=\"dp-page-outer\">\n<div class=\"dp-page-inner\">\n<div class=\"aps-page\">\n<div class=\"container\">\n<p>Escobedo V\u00e1zquez enfatiz\u00f3 que las condiciones meteorol\u00f3gicas de la entidad hacen todav\u00eda m\u00e1s urgente atender esta situaci\u00f3n, pues las altas temperaturas continuar\u00e1n present\u00e1ndose y los niveles de humedad podr\u00edan incrementarse durante la temporada de lluvias y huracanes.<\/p>\n<\/div>\n<\/div>\n<\/div>\n<\/div>\n","protected":false},"excerpt":{"rendered":"<p>&nbsp; La Diputada local del PRI, Elsa Escobedo V\u00e1zquez, urgi\u00f3 al Instituto Constructor de Infraestructura F\u00edsica Educativa y Deportiva (ICIFED) a instalar sistemas de aire acondicionado en las escuelas p\u00fablicas ante las temperaturas que rondan los 40 grados. La legisladora se\u00f1al\u00f3 que, de acuerdo con informaci\u00f3n difundida por autoridades educativas y medios de comunicaci\u00f3n, entre 330 y 400 planteles p\u00fablicos no cuentan con aire acondicionado, lo que representa aproximadamente el 10 por ciento de las escuelas de la entidad. \u201cEstamos hablando de miles de estudiantes que regresan a clases en&hellip;<\/p>\n","protected":false},"author":3,"featured_media":210501,"comment_status":"open","ping_status":"open","sticky":false,"template":"","format":"standard","meta":{"_jetpack_newsletter_access":"","_jetpack_dont_email_post_to_subs":false,"_jetpack_newsletter_tier_id":0,"_jetpack_memberships_contains_paywalled_content":false,"_jetpack_feature_clip_id":0,"_jetpack_memberships_contains_paid_content":false,"footnotes":"","jetpack_post_was_ever_published":false},"categories":[1,45],"tags":[],"class_list":["post-210500","post","type-post","status-publish","format-standard","has-post-thumbnail","hentry","category-locales","category-politica"],"gutentor_comment":0,"jetpack_sharing_enabled":true,"jetpack_featured_media_url":"https:\/\/i0.wp.com\/www.agenciare.site\/index\/wp-content\/uploads\/2026\/09\/55505085435_54037eb9d3_h.jpg?fit=1600%2C898&ssl=1","_links":{"self":[{"href":"https:\/\/www.agenciare.site\/index\/wp-json\/wp\/v2\/posts\/210500","targetHints":{"allow":["GET"]}}],"collection":[{"href":"https:\/\/www.agenciare.site\/index\/wp-json\/wp\/v2\/posts"}],"about":[{"href":"https:\/\/www.agenciare.site\/index\/wp-json\/wp\/v2\/types\/post"}],"author":[{"embeddable":true,"href":"https:\/\/www.agenciare.site\/index\/wp-json\/wp\/v2\/users\/3"}],"replies":[{"embeddable":true,"href":"https:\/\/www.agenciare.site\/index\/wp-json\/wp\/v2\/comments?post=210500"}],"version-history":[{"count":2,"href":"https:\/\/www.agenciare.site\/index\/wp-json\/wp\/v2\/posts\/210500\/revisions"}],"predecessor-version":[{"id":210503,"href":"https:\/\/www.agenciare.site\/index\/wp-json\/wp\/v2\/posts\/210500\/revisions\/210503"}],"wp:featuredmedia":[{"embeddable":true,"href":"https:\/\/www.agenciare.site\/index\/wp-json\/wp\/v2\/media\/210501"}],"wp:attachment":[{"href":"https:\/\/www.agenciare.site\/index\/wp-json\/wp\/v2\/media?parent=210500"}],"wp:term":[{"taxonomy":"category","embeddable":true,"href":"https:\/\/www.agenciare.site\/index\/wp-json\/wp\/v2\/categories?post=210500"},{"taxonomy":"post_tag","embeddable":true,"href":"https:\/\/www.agenciare.site\/index\/wp-json\/wp\/v2\/tags?post=210500"}],"curies":[{"name":"wp","href":"https:\/\/api.w.org\/{rel}","templated":true}]}}