{"id":210497,"date":"2026-09-02T22:33:23","date_gmt":"2026-09-03T04:33:23","guid":{"rendered":"https:\/\/www.agenciare.site\/index\/?p=210497"},"modified":"2026-09-02T22:33:23","modified_gmt":"2026-09-03T04:33:23","slug":"congreso-del-estado-hara-jornadas-de-trabajo-en-materia-de-transparencia","status":"publish","type":"post","link":"https:\/\/www.agenciare.site\/index\/archivos\/210497","title":{"rendered":"CONGRESO DEL ESTADO HAR\u00c1 JORNADAS DE TRABAJO EN MATERIA DE TRANSPARENCIA"},"content":{"rendered":"<p>El Congreso de Estado realizar\u00e1 jornadas de trabajo de las Comisiones unidas de Legislaci\u00f3n y Puntos Constitucionales, para adecuar la legislaci\u00f3n local en materia de transparencia a las reformas que se realizaron a las normas federales.<\/p>\n<p>Claudia Caballero Ch\u00e1vez, diputada del Partido Acci\u00f3n Nacional, destac\u00f3 que la transparencia y el acceso a la informaci\u00f3n p\u00fablica son pilares fundamentales de una sociedad, pues permiten a la ciudadan\u00eda conocer y evaluar el actuar de las instituciones, fortaleciendo la rendici\u00f3n de cuentas y la confianza en las autoridades.<\/p>\n<p>Una vez que ya entraron en vigor las reformas a la Constituci\u00f3n y a la Ley General de Transparencia y Acceso a la Informaci\u00f3n P\u00fablica, gener\u00f3 a las entidades federativas la obligaci\u00f3n de armonizar su legislaci\u00f3n conforme al nuevo marco jur\u00eddico nacional.<\/p>\n<p>\u201cAnte este nuevo escenario, Nuevo Le\u00f3n tiene la oportunidad de construir un marco jur\u00eddico que no solamente atienda las disposiciones nacionales, sino que tambi\u00e9n responda a las necesidades de nuestro estado.<\/p>\n<p>\u201cPara ello, consideramos fundamental escuchar las distintas voces que participan y conocen de manera directa la materia de transparencia\u201d<\/p>\n<p>Ante ello, manifest\u00f3 Caballero Ch\u00e1vez, se realizar\u00e1n jornadas de trabajo con especialistas, organizaciones de la sociedad civil, universidades, municipios, c\u00e1maras empresariales, medios de comunicaci\u00f3n y dem\u00e1s sectores interesados, a fin de conocer sus experiencias, propuestas y \u00e1reas de oportunidad.<\/p>\n<p>\u201cEstos espacios permitir\u00e1n enriquecer el an\u00e1lisis y contribuir a la construcci\u00f3n de una reforma que cuente con una visi\u00f3n amplia y participativa, fortaleciendo as\u00ed el derecho de acceso a la informaci\u00f3n y la transparencia en nuestro Estado.<\/p>\n<p>\u201cLa construcci\u00f3n de una mejor legislaci\u00f3n requiere escuchar a quienes viven y participan diariamente en la sociedad\u201d, afirm\u00f3.<\/p>\n<p>Las jornadas de trabajo se realizar\u00e1n en las siguientes fechas: 17 de septiembre, 1 de octubre, 15 de octubre, 29 de octubre, 12 de noviembre y 3 de diciembre.<\/p>\n<p>&nbsp;<\/p>\n","protected":false},"excerpt":{"rendered":"<p>El Congreso de Estado realizar\u00e1 jornadas de trabajo de las Comisiones unidas de Legislaci\u00f3n y Puntos Constitucionales, para adecuar la legislaci\u00f3n local en materia de transparencia a las reformas que se realizaron a las normas federales. Claudia Caballero Ch\u00e1vez, diputada del Partido Acci\u00f3n Nacional, destac\u00f3 que la transparencia y el acceso a la informaci\u00f3n p\u00fablica son pilares fundamentales de una sociedad, pues permiten a la ciudadan\u00eda conocer y evaluar el actuar de las instituciones, fortaleciendo la rendici\u00f3n de cuentas y la confianza en las autoridades. Una vez que ya entraron&hellip;<\/p>\n","protected":false},"author":3,"featured_media":210498,"comment_status":"open","ping_status":"open","sticky":false,"template":"","format":"standard","meta":{"_jetpack_newsletter_access":"","_jetpack_dont_email_post_to_subs":false,"_jetpack_newsletter_tier_id":0,"_jetpack_memberships_contains_paywalled_content":false,"_jetpack_feature_clip_id":0,"_jetpack_memberships_contains_paid_content":false,"footnotes":"","jetpack_post_was_ever_published":false},"categories":[1,45],"tags":[],"class_list":["post-210497","post","type-post","status-publish","format-standard","has-post-thumbnail","hentry","category-locales","category-politica"],"gutentor_comment":0,"jetpack_sharing_enabled":true,"jetpack_featured_media_url":"https:\/\/i0.wp.com\/www.agenciare.site\/index\/wp-content\/uploads\/2026\/09\/55504539714_1f20ae9a49_h.jpg?fit=1600%2C1067&ssl=1","_links":{"self":[{"href":"https:\/\/www.agenciare.site\/index\/wp-json\/wp\/v2\/posts\/210497","targetHints":{"allow":["GET"]}}],"collection":[{"href":"https:\/\/www.agenciare.site\/index\/wp-json\/wp\/v2\/posts"}],"about":[{"href":"https:\/\/www.agenciare.site\/index\/wp-json\/wp\/v2\/types\/post"}],"author":[{"embeddable":true,"href":"https:\/\/www.agenciare.site\/index\/wp-json\/wp\/v2\/users\/3"}],"replies":[{"embeddable":true,"href":"https:\/\/www.agenciare.site\/index\/wp-json\/wp\/v2\/comments?post=210497"}],"version-history":[{"count":1,"href":"https:\/\/www.agenciare.site\/index\/wp-json\/wp\/v2\/posts\/210497\/revisions"}],"predecessor-version":[{"id":210499,"href":"https:\/\/www.agenciare.site\/index\/wp-json\/wp\/v2\/posts\/210497\/revisions\/210499"}],"wp:featuredmedia":[{"embeddable":true,"href":"https:\/\/www.agenciare.site\/index\/wp-json\/wp\/v2\/media\/210498"}],"wp:attachment":[{"href":"https:\/\/www.agenciare.site\/index\/wp-json\/wp\/v2\/media?parent=210497"}],"wp:term":[{"taxonomy":"category","embeddable":true,"href":"https:\/\/www.agenciare.site\/index\/wp-json\/wp\/v2\/categories?post=210497"},{"taxonomy":"post_tag","embeddable":true,"href":"https:\/\/www.agenciare.site\/index\/wp-json\/wp\/v2\/tags?post=210497"}],"curies":[{"name":"wp","href":"https:\/\/api.w.org\/{rel}","templated":true}]}}