{"id":210494,"date":"2026-09-02T22:27:35","date_gmt":"2026-09-03T04:27:35","guid":{"rendered":"https:\/\/www.agenciare.site\/index\/?p=210494"},"modified":"2026-09-02T22:27:35","modified_gmt":"2026-09-03T04:27:35","slug":"propone-que-senalamientos-viales-brinden-informacion-de-seguridad","status":"publish","type":"post","link":"https:\/\/www.agenciare.site\/index\/archivos\/210494","title":{"rendered":"PROPONE QUE SE\u00d1ALAMIENTOS VIALES BRINDEN INFORMACI\u00d3N DE SEGURIDAD"},"content":{"rendered":"<div id=\"pf1\" class=\"dp-page-outer\">\n<div class=\"dp-page-inner\">\n<div class=\"aps-page\">\n<div class=\"container\">\n<p>Para que los se\u00f1alamientos viales electr\u00f3nicos de tr\u00e1nsito puedan difundir de manera inmediata informaci\u00f3n preventiva, de protecci\u00f3n civil y de seguridad, la diputada Aile Tamez De la Paz, propuso reformas a la leyes de Movilidad y de Se\u00f1alamientos Viales.<\/p>\n<p>La diputada del Partido Acci\u00f3n Nacional destac\u00f3 que estos se\u00f1alamientos que fueron colocados recientemente principalmente en las vialidades del \u00e1rea metropolitana br<span id=\"_GoBack\">indan informaci\u00f3n de manera inmediata a las personas usuarias de la v\u00eda p\u00fablica<\/span><\/p>\n<p>Sin embargo por el momento solamente orientan sobre destinos a seguir por la vialidad y tambi\u00e9n son utilizados como herramienta de difusi\u00f3n pol\u00edtica por parte de la administraci\u00f3n que los administran.<\/p>\n<p>\u201cSin embargo, tienen la capacidad de poder brindar informaci\u00f3n relevante y condiciones de circulaci\u00f3n para advertir sobre situaciones que puedan representar un riesgo para quienes transitan por las vialidades<\/p>\n<p>\u201cPodemos aprovecharlos para comunicar informaci\u00f3n que verdaderamente puede hacer una diferencia: una persona desaparecida que necesita ser localizada, una Alerta Amber, una inundaci\u00f3n, un incendio, una evacuaci\u00f3n, un cierre vial de emergencia o cualquier otra situaci\u00f3n que requiera que la ciudadan\u00eda est\u00e9 informada de manera inmediata\u201d, destac\u00f3 Tamez De la Paz.<\/p>\n<p>La se\u00f1alizaci\u00f3n vial electr\u00f3nica, asegur\u00f3, puede ser mucho m\u00e1s que un medio para indicarnos hacia d\u00f3nde dirigirnos o un espacio para mensajes de car\u00e1cter pol\u00edtico, puede convertirse en una herramienta de prevenci\u00f3n, protecci\u00f3n y participaci\u00f3n ciudadana.<\/p>\n<p>En diversas ciudades en donde ya se utilizan estos dispositivos cuando existen condiciones especiales que justifican proporcionar informaci\u00f3n adicional a quienes transitan por las carreteras, se difunde la informaci\u00f3n necesaria.<\/p>\n<p>Tamez De la Paz afirm\u00f3 que la iniciativa propone establecer en la legislaci\u00f3n estatal un marco que permita que los dispositivos electr\u00f3nicos de se\u00f1alizaci\u00f3n vial que ya se encuentren instalados y cuenten con la capacidad tecnol\u00f3gica correspondiente puedan ser utilizados, bajo criterios de necesidad, temporalidad, claridad y coordinaci\u00f3n institucional, para difundir informaci\u00f3n oficial de inter\u00e9s p\u00fablico.<\/p>\n<p>La se\u00f1alizaci\u00f3n vial, manifest\u00f3, no debe limitare a guiar en las vialidades ya que se puede aprovechar para dar informaci\u00f3n de seguridad de lo que ocurre en las inmediaciones.<\/p>\n<\/div>\n<\/div>\n<\/div>\n<\/div>\n","protected":false},"excerpt":{"rendered":"<p>Para que los se\u00f1alamientos viales electr\u00f3nicos de tr\u00e1nsito puedan difundir de manera inmediata informaci\u00f3n preventiva, de protecci\u00f3n civil y de seguridad, la diputada Aile Tamez De la Paz, propuso reformas a la leyes de Movilidad y de Se\u00f1alamientos Viales. La diputada del Partido Acci\u00f3n Nacional destac\u00f3 que estos se\u00f1alamientos que fueron colocados recientemente principalmente en las vialidades del \u00e1rea metropolitana brindan informaci\u00f3n de manera inmediata a las personas usuarias de la v\u00eda p\u00fablica Sin embargo por el momento solamente orientan sobre destinos a seguir por la vialidad y tambi\u00e9n son&hellip;<\/p>\n","protected":false},"author":3,"featured_media":210495,"comment_status":"open","ping_status":"open","sticky":false,"template":"","format":"standard","meta":{"_jetpack_newsletter_access":"","_jetpack_dont_email_post_to_subs":false,"_jetpack_newsletter_tier_id":0,"_jetpack_memberships_contains_paywalled_content":false,"_jetpack_feature_clip_id":0,"_jetpack_memberships_contains_paid_content":false,"footnotes":"","jetpack_post_was_ever_published":false},"categories":[1,45],"tags":[],"class_list":["post-210494","post","type-post","status-publish","format-standard","has-post-thumbnail","hentry","category-locales","category-politica"],"gutentor_comment":0,"jetpack_sharing_enabled":true,"jetpack_featured_media_url":"https:\/\/i0.wp.com\/www.agenciare.site\/index\/wp-content\/uploads\/2026\/09\/55504834238_5da0efd060_h.jpg?fit=1600%2C898&ssl=1","_links":{"self":[{"href":"https:\/\/www.agenciare.site\/index\/wp-json\/wp\/v2\/posts\/210494","targetHints":{"allow":["GET"]}}],"collection":[{"href":"https:\/\/www.agenciare.site\/index\/wp-json\/wp\/v2\/posts"}],"about":[{"href":"https:\/\/www.agenciare.site\/index\/wp-json\/wp\/v2\/types\/post"}],"author":[{"embeddable":true,"href":"https:\/\/www.agenciare.site\/index\/wp-json\/wp\/v2\/users\/3"}],"replies":[{"embeddable":true,"href":"https:\/\/www.agenciare.site\/index\/wp-json\/wp\/v2\/comments?post=210494"}],"version-history":[{"count":1,"href":"https:\/\/www.agenciare.site\/index\/wp-json\/wp\/v2\/posts\/210494\/revisions"}],"predecessor-version":[{"id":210496,"href":"https:\/\/www.agenciare.site\/index\/wp-json\/wp\/v2\/posts\/210494\/revisions\/210496"}],"wp:featuredmedia":[{"embeddable":true,"href":"https:\/\/www.agenciare.site\/index\/wp-json\/wp\/v2\/media\/210495"}],"wp:attachment":[{"href":"https:\/\/www.agenciare.site\/index\/wp-json\/wp\/v2\/media?parent=210494"}],"wp:term":[{"taxonomy":"category","embeddable":true,"href":"https:\/\/www.agenciare.site\/index\/wp-json\/wp\/v2\/categories?post=210494"},{"taxonomy":"post_tag","embeddable":true,"href":"https:\/\/www.agenciare.site\/index\/wp-json\/wp\/v2\/tags?post=210494"}],"curies":[{"name":"wp","href":"https:\/\/api.w.org\/{rel}","templated":true}]}}