{"id":210462,"date":"2026-09-01T19:46:53","date_gmt":"2026-09-02T01:46:53","guid":{"rendered":"https:\/\/www.agenciare.site\/index\/?p=210462"},"modified":"2026-09-02T19:47:06","modified_gmt":"2026-09-03T01:47:06","slug":"va-pri-por-consensos-y-acuerdos-sin-imposiciones-heriberto-trevino","status":"publish","type":"post","link":"https:\/\/www.agenciare.site\/index\/archivos\/210462","title":{"rendered":"Va PRI por consensos y acuerdos sin imposiciones: Heriberto Trevi\u00f1o"},"content":{"rendered":"<header class=\"entry-header\">\n<h1 class=\"entry-title\"><span style=\"font-size: 16px;\">Al iniciar el Tercer A\u00f1o de Ejercicio Constitucional de la Septuag\u00e9sima S\u00e9ptima Legislatura, el Coordinador del Grupo Legislativo del PRI, Heriberto Trevi\u00f1o Cant\u00fa, afirm\u00f3 que su bancada mantendr\u00e1 una postura de di\u00e1logo y construcci\u00f3n de acuerdos sin imposiciones para defender los intereses de Nuevo Le\u00f3n y evitar cualquier uso partidista de los recursos p\u00fablicos con fines electorales.<\/span><\/h1>\n<p>&nbsp;<\/p>\n<\/header>\n<div class=\"entry-content clearfix\">\n<p>Durante su intervenci\u00f3n desde tribuna, Trevi\u00f1o Cant\u00fa cuestion\u00f3 la falta de resultados de la administraci\u00f3n estatal emecista, la crisis de gobernabilidad y el calvario que viven los ciudadanos d\u00eda tras d\u00eda por la falta de un transporte urbano adecuado, la inseguridad, la infraestructura educativa y los cortes de agua.<\/p>\n<p>\u201cGarantizar que el servicio de transporte p\u00fablico sea eficaz, eficiente y de calidad, reforzar la salud y atenci\u00f3n principalmente en zonas vulnerables de la entidad y dotar a los municipios de las herramientas necesarias para que puedan responder a las necesidades de su poblaci\u00f3n\u201d, agreg\u00f3.<\/p>\n<p>Asimismo, ante el escenario electoral que se avecina, el Coordinador del GLPRI fue enf\u00e1tico al se\u00f1alar que no permitir\u00e1 que el presupuesto estatal sea utilizado con fines partidistas ni que se desv\u00eden recursos p\u00fablicos para favorecer campa\u00f1as pol\u00edticas.<\/p>\n<p>\u201cNo omitimos se\u00f1alar que \u00a1s\u00ed! el pr\u00f3ximo a\u00f1o ser\u00e1 electoral. Y en ese contexto, nuestra responsabilidad es doble: legislar con firmeza y vigilar con rigor\u201d, manifest\u00f3.<\/p>\n<p><strong><em>\u201cComo oposici\u00f3n congruente no permitiremos que los recursos p\u00fablicos se utilicen con fines partidistas y no aceptaremos que se manipule ning\u00fan presupuesto para favorecer campa\u00f1as pol\u00edticas\u201d, sentenci\u00f3.<\/em><\/strong><\/p>\n<p>El l\u00edder priista se\u00f1al\u00f3 que, frente a los desaf\u00edos presupuestales, de seguridad, movilidad, salud, educaci\u00f3n y servicios p\u00fablicos, el Congreso debe asumir con responsabilidad su papel como Poder de contrapeso y representante de la ciudadan\u00eda.<\/p>\n<p>\u201cReconocemos la obligaci\u00f3n que tenemos de ser un Poder de contrapeso, garante y constructor de un marco normativo que est\u00e9 a la altura de la justicia social. Y lo haremos, con respeto institucional, pero tambi\u00e9n con la firmeza de quienes sabemos que la pol\u00edtica no es complacencia, sino responsabilidad\u201d, apunt\u00f3<\/p>\n<p>Trevi\u00f1o Cant\u00fa refrend\u00f3 que el PRI continuar\u00e1 privilegiando el di\u00e1logo y la construcci\u00f3n de acuerdos, pero sin renunciar a su responsabilidad como oposici\u00f3n.<\/p>\n<div class=\"post-like-dislike-plusCounter-container\">\n<div class=\"button-container-likes-dislike\"><\/div>\n<\/div>\n<\/div>\n","protected":false},"excerpt":{"rendered":"<p>Al iniciar el Tercer A\u00f1o de Ejercicio Constitucional de la Septuag\u00e9sima S\u00e9ptima Legislatura, el Coordinador del Grupo Legislativo del PRI, Heriberto Trevi\u00f1o Cant\u00fa, afirm\u00f3 que su bancada mantendr\u00e1 una postura de di\u00e1logo y construcci\u00f3n de acuerdos sin imposiciones para defender los intereses de Nuevo Le\u00f3n y evitar cualquier uso partidista de los recursos p\u00fablicos con fines electorales. &nbsp; Durante su intervenci\u00f3n desde tribuna, Trevi\u00f1o Cant\u00fa cuestion\u00f3 la falta de resultados de la administraci\u00f3n estatal emecista, la crisis de gobernabilidad y el calvario que viven los ciudadanos d\u00eda tras d\u00eda por&hellip;<\/p>\n","protected":false},"author":3,"featured_media":210463,"comment_status":"open","ping_status":"open","sticky":false,"template":"","format":"standard","meta":{"_jetpack_newsletter_access":"","_jetpack_dont_email_post_to_subs":false,"_jetpack_newsletter_tier_id":0,"_jetpack_memberships_contains_paywalled_content":false,"_jetpack_feature_clip_id":0,"_jetpack_memberships_contains_paid_content":false,"footnotes":"","jetpack_post_was_ever_published":false},"categories":[1,45],"tags":[],"class_list":["post-210462","post","type-post","status-publish","format-standard","has-post-thumbnail","hentry","category-locales","category-politica"],"gutentor_comment":0,"jetpack_sharing_enabled":true,"jetpack_featured_media_url":"https:\/\/i0.wp.com\/www.agenciare.site\/index\/wp-content\/uploads\/2026\/09\/IMG-20260901-WA0022-800x445-1.webp?fit=800%2C445&ssl=1","_links":{"self":[{"href":"https:\/\/www.agenciare.site\/index\/wp-json\/wp\/v2\/posts\/210462","targetHints":{"allow":["GET"]}}],"collection":[{"href":"https:\/\/www.agenciare.site\/index\/wp-json\/wp\/v2\/posts"}],"about":[{"href":"https:\/\/www.agenciare.site\/index\/wp-json\/wp\/v2\/types\/post"}],"author":[{"embeddable":true,"href":"https:\/\/www.agenciare.site\/index\/wp-json\/wp\/v2\/users\/3"}],"replies":[{"embeddable":true,"href":"https:\/\/www.agenciare.site\/index\/wp-json\/wp\/v2\/comments?post=210462"}],"version-history":[{"count":1,"href":"https:\/\/www.agenciare.site\/index\/wp-json\/wp\/v2\/posts\/210462\/revisions"}],"predecessor-version":[{"id":210464,"href":"https:\/\/www.agenciare.site\/index\/wp-json\/wp\/v2\/posts\/210462\/revisions\/210464"}],"wp:featuredmedia":[{"embeddable":true,"href":"https:\/\/www.agenciare.site\/index\/wp-json\/wp\/v2\/media\/210463"}],"wp:attachment":[{"href":"https:\/\/www.agenciare.site\/index\/wp-json\/wp\/v2\/media?parent=210462"}],"wp:term":[{"taxonomy":"category","embeddable":true,"href":"https:\/\/www.agenciare.site\/index\/wp-json\/wp\/v2\/categories?post=210462"},{"taxonomy":"post_tag","embeddable":true,"href":"https:\/\/www.agenciare.site\/index\/wp-json\/wp\/v2\/tags?post=210462"}],"curies":[{"name":"wp","href":"https:\/\/api.w.org\/{rel}","templated":true}]}}