{"id":210459,"date":"2026-09-01T13:43:09","date_gmt":"2026-09-01T19:43:09","guid":{"rendered":"https:\/\/www.agenciare.site\/index\/?p=210459"},"modified":"2026-09-02T13:43:25","modified_gmt":"2026-09-02T19:43:25","slug":"denuncia-mc-imposicion-en-mesa-directiva-del-congreso","status":"publish","type":"post","link":"https:\/\/www.agenciare.site\/index\/archivos\/210459","title":{"rendered":"Denuncia MC imposici\u00f3n en mesa directiva del Congreso"},"content":{"rendered":"<header class=\"entry-header\"><\/header>\n<div class=\"entry-content clearfix\">\n<p>\u00a0 El Grupo Legislativo de Movimiento Ciudadano en el Congreso de Nuevo Le\u00f3n denunci\u00f3 una nueva muestra de abuso de poder por parte del PRI y el PAN, luego de que ambos partidos impulsaron una integraci\u00f3n de la Mesa Directiva que, afirm\u00f3, excluye a fuerzas pol\u00edticas con representaci\u00f3n en el Poder Legislativo.<\/p>\n<p>La Coordinadora, Sandra P\u00e1manes, se\u00f1al\u00f3 que Movimiento Ciudadano plante\u00f3 que su compa\u00f1ero legislador Mario Salinas encabezara la Mesa Directiva, con una integraci\u00f3n plural y representativa de todas las fuerzas pol\u00edticas; sin embargo, la propuesta fue rechazada.<\/p>\n<p>\u201cEs muy lamentable lo que est\u00e1 sucediendo porque obviamente demuestran el abuso de poder que siempre han tenido sobre este cuerpo legislativo, sin respetar la representatividad de todas las dem\u00e1s fuerzas en este Congreso del Estado\u00bb, expres\u00f3.<\/p>\n<p>La legisladora cuestion\u00f3 que en la nueva integraci\u00f3n no est\u00e9n representados Movimiento Ciudadano, el Partido Verde ni el Partido del Trabajo, mientras que las posiciones de vicepresidencias y secretar\u00edas quedaron en manos del PRI y el PAN.<\/p>\n<p>\u201cEllos son autoritarios y yo siempre lo he dicho, cuando ellos no pueden recibir algo conforme a la ley, lo arrebatan, y eso es lo que hicieron el d\u00eda de hoy\u201d, sostuvo.<\/p>\n<p><strong><em>Ante esta situaci\u00f3n, Movimiento Ciudadano adelant\u00f3 que este mismo martes presentar\u00e1 un recurso ante la Sala Regional, con la expectativa de que el Tribunal Electoral del Poder Judicial de la Federaci\u00f3n revise la integraci\u00f3n y determine lo que corresponda conforme a la legislaci\u00f3n.<\/em><\/strong><\/p>\n<p>La Bancada Naranja se\u00f1al\u00f3 que, pese a la inconformidad por la integraci\u00f3n de la Mesa Directiva, continuar\u00e1 trabajando y no permitir\u00e1 que esta situaci\u00f3n frene la agenda legislativa de Nuevo Le\u00f3n.<\/p>\n<p>En ese sentido, Sandra P\u00e1manes destac\u00f3 que permanecen pendientes temas fundamentales para Nuevo Le\u00f3n, entre ellos la aprobaci\u00f3n del Presupuesto de Ingresos y Egresos, la Reforma Judicial y otros asuntos relevantes para el funcionamiento de las instituciones.<\/p>\n<div class=\"post-like-dislike-plusCounter-container\">\n<div class=\"button-container-likes-dislike\"><\/div>\n<\/div>\n<\/div>\n","protected":false},"excerpt":{"rendered":"<p>\u00a0 El Grupo Legislativo de Movimiento Ciudadano en el Congreso de Nuevo Le\u00f3n denunci\u00f3 una nueva muestra de abuso de poder por parte del PRI y el PAN, luego de que ambos partidos impulsaron una integraci\u00f3n de la Mesa Directiva que, afirm\u00f3, excluye a fuerzas pol\u00edticas con representaci\u00f3n en el Poder Legislativo. La Coordinadora, Sandra P\u00e1manes, se\u00f1al\u00f3 que Movimiento Ciudadano plante\u00f3 que su compa\u00f1ero legislador Mario Salinas encabezara la Mesa Directiva, con una integraci\u00f3n plural y representativa de todas las fuerzas pol\u00edticas; sin embargo, la propuesta fue rechazada. \u201cEs muy&hellip;<\/p>\n","protected":false},"author":3,"featured_media":210460,"comment_status":"open","ping_status":"open","sticky":false,"template":"","format":"standard","meta":{"_jetpack_newsletter_access":"","_jetpack_dont_email_post_to_subs":false,"_jetpack_newsletter_tier_id":0,"_jetpack_memberships_contains_paywalled_content":false,"_jetpack_feature_clip_id":0,"_jetpack_memberships_contains_paid_content":false,"footnotes":"","jetpack_post_was_ever_published":false},"categories":[1,45],"tags":[],"class_list":["post-210459","post","type-post","status-publish","format-standard","has-post-thumbnail","hentry","category-locales","category-politica"],"gutentor_comment":0,"jetpack_sharing_enabled":true,"jetpack_featured_media_url":"https:\/\/i0.wp.com\/www.agenciare.site\/index\/wp-content\/uploads\/2026\/09\/IMG_20260901_234241-800x445-1.webp?fit=800%2C445&ssl=1","_links":{"self":[{"href":"https:\/\/www.agenciare.site\/index\/wp-json\/wp\/v2\/posts\/210459","targetHints":{"allow":["GET"]}}],"collection":[{"href":"https:\/\/www.agenciare.site\/index\/wp-json\/wp\/v2\/posts"}],"about":[{"href":"https:\/\/www.agenciare.site\/index\/wp-json\/wp\/v2\/types\/post"}],"author":[{"embeddable":true,"href":"https:\/\/www.agenciare.site\/index\/wp-json\/wp\/v2\/users\/3"}],"replies":[{"embeddable":true,"href":"https:\/\/www.agenciare.site\/index\/wp-json\/wp\/v2\/comments?post=210459"}],"version-history":[{"count":1,"href":"https:\/\/www.agenciare.site\/index\/wp-json\/wp\/v2\/posts\/210459\/revisions"}],"predecessor-version":[{"id":210461,"href":"https:\/\/www.agenciare.site\/index\/wp-json\/wp\/v2\/posts\/210459\/revisions\/210461"}],"wp:featuredmedia":[{"embeddable":true,"href":"https:\/\/www.agenciare.site\/index\/wp-json\/wp\/v2\/media\/210460"}],"wp:attachment":[{"href":"https:\/\/www.agenciare.site\/index\/wp-json\/wp\/v2\/media?parent=210459"}],"wp:term":[{"taxonomy":"category","embeddable":true,"href":"https:\/\/www.agenciare.site\/index\/wp-json\/wp\/v2\/categories?post=210459"},{"taxonomy":"post_tag","embeddable":true,"href":"https:\/\/www.agenciare.site\/index\/wp-json\/wp\/v2\/tags?post=210459"}],"curies":[{"name":"wp","href":"https:\/\/api.w.org\/{rel}","templated":true}]}}