{"id":210456,"date":"2026-09-01T13:31:24","date_gmt":"2026-09-01T19:31:24","guid":{"rendered":"https:\/\/www.agenciare.site\/index\/?p=210456"},"modified":"2026-09-02T13:31:49","modified_gmt":"2026-09-02T19:31:49","slug":"inicia-ultimo-ano-de-legislatura-lxxvii","status":"publish","type":"post","link":"https:\/\/www.agenciare.site\/index\/archivos\/210456","title":{"rendered":"Inicia \u00faltimo a\u00f1o de Legislatura LXXVII"},"content":{"rendered":"<header class=\"entry-header\">\n<h1 class=\"entry-title\"><span style=\"font-size: 16px;\">\u00a0El Congreso del Estado dio inicio al Primer Periodo Ordinario de Sesiones del Tercer A\u00f1o Legislativo.<\/span><\/h1>\n<p>&nbsp;<\/p>\n<\/header>\n<div class=\"entry-content clearfix\">\n<p>En la Sesi\u00f3n Solemne se eligi\u00f3 a las integrantes de la Mesa Directiva que fungir\u00e1 durante el tercer a\u00f1o de ejercicio constitucional de la LXXVII Legislatura.<\/p>\n<p>La propuesta para conformar la Mesa Directiva, avalada por las fracciones que integran el Congreso del Estado, fue presentada en Tribuna por el Diputado Carlos de la Fuente y quedo de la siguiente manera:<\/p>\n<p>Presidenta Perla Villarreal, Primer Vice Presidenta Roc\u00edo Montalvo, Segunda Vicepresidenta Brenda Vel\u00e1zquez, Primera Secretaria Claudia Caballero y Segunda Secretaria Cecilia Robledo.<\/p>\n<p>Al rendir su informe de actividades como presidenta de la mesa directiva del Congreso del Estado, la Diputada Itzel Castillo Almanza destac\u00f3 que detr\u00e1s de cada ley, reforma o acuerdo que fueron aprobados surgieron de escuchar a la gente y de buscar respuestas a problemas reales.<\/p>\n<p>Durante el Segundo A\u00f1o de la 77 Legislatura del Congreso del Estado se aprobaron un total de 628 expedientes, que se tradujeron en 230 decretos, as\u00ed como tambi\u00e9n 232 acuerdos y 811 acuerdos administrativos.<\/p>\n<p>Entre las reformas aprobadas a las diversas leyes se busca proteger a las ni\u00f1as y ni\u00f1os, otras, apoyar a las familias, mejorar la movilidad, garantizar derechos y brindar nuevas oportunidades.<\/p>\n<p>La primera Diputada en dar su mensaje ante el Pleno fue Roc\u00edo Montalvo, Coordinadora de la Fracci\u00f3n Independiente.<\/p>\n<p>\u201cNo vengo a esta Tribuna a hablar ni a defender a las siglas de un partido, ni a atender la agenda de un grupo pol\u00edtico. Yo s\u00ed estoy aqu\u00ed para dar cuentas y representar a los que de verdad sostienen a este estado con su trabajo diario\u201d<\/p>\n<p>\u201cEl llamado que le hago a todos mis compa\u00f1eros diputados, a m\u00ed no me interesa si es del pan, verde, amarillo, azul o rosa, a m\u00ed lo que me interesa es que el presupuesto llegu\u00e9 al pueblo\u201d, asegur\u00f3.<\/p>\n<p>En su turno la Diputada Guadalupe Rodr\u00edguez, Coordinadora del PT, llam\u00f3 a las fuerzas pol\u00edticas a construir acuerdos y resolver pendientes que Nuevo Le\u00f3n necesita para su futuro, pero sobre todo para el presente.<\/p>\n<p>\u201cDesde el Partido del Trabajo proponemos impulsar una Agenda Legislativa para ordenar el desarrollo urbano y lograr que la vivienda vaya acompa\u00f1ada de infraestructura y servicios b\u00e1sicos\u201d.<\/p>\n<p>Enseguida la Diputada Claudia Chapa, Coordinadora del Partido Verde Ecologista, pidi\u00f3 que sea un a\u00f1o en el que las diferencias no los dividan, sino que los obliguen a buscar mejores soluciones.<\/p>\n<p>\u201cTengamos sensatez por y para la gente de Nuevo Le\u00f3n, porque ellos son la raz\u00f3n por la que estamos aqu\u00ed y porque cuando termine esta Legislatura, lo hagamos con la responsabilidad que tenemos con Nuevo Le\u00f3n. Que este \u00faltimo a\u00f1o nos encuentre trabajando, dialogando y construyendo\u201d.<\/p>\n<p><strong><em>La Coordinadora del PRD, la Diputada Perla Villarreal llam\u00f3 al propio Congreso del Estado a mantener una postura cercana a la ciudadan\u00eda, que ejerza su funci\u00f3n de contrapeso y legislar pensando en resolver las necesidades que enfrentan las familias de Nuevo Le\u00f3n.<\/em><\/strong><\/p>\n<p><a href=\"https:\/\/i0.wp.com\/agorapolitica.com\/wp-content\/uploads\/2026\/09\/55502975138_8360ce7cb7_k.jpg\"><img data-recalc-dims=\"1\" loading=\"lazy\" decoding=\"async\" class=\"size-medium wp-image-105204 alignleft\" src=\"https:\/\/i0.wp.com\/agorapolitica.com\/wp-content\/uploads\/2026\/09\/55502975138_8360ce7cb7_k-300x168.jpg?resize=300%2C168\" sizes=\"auto, (max-width: 300px) 100vw, 300px\" srcset=\"https:\/\/agorapolitica.com\/wp-content\/uploads\/2026\/09\/55502975138_8360ce7cb7_k-300x168.jpg 300w, https:\/\/agorapolitica.com\/wp-content\/uploads\/2026\/09\/55502975138_8360ce7cb7_k-768x431.jpg 768w, https:\/\/agorapolitica.com\/wp-content\/uploads\/2026\/09\/55502975138_8360ce7cb7_k.jpg 800w\" alt=\"\" width=\"300\" height=\"168\" \/><\/a>\u201cEs momento de recuperar el valor de la pol\u00edtica para que, cuando escuchemos una necesidad, construyamos una respuesta y logremos que esa respuesta sea para mejorar la calidad de vida de todas y todos los neoloneses\u201d, refiri\u00f3.<\/p>\n<p>La Diputada Grecia Benavides, en representaci\u00f3n de Partido Movimiento de Regeneraci\u00f3n Nacional, Morena, dijo que este momento tiene un significado muy claro: recordar para qu\u00e9 est\u00e1n aqu\u00ed y, sobre todo, para qui\u00e9n trabajan.<\/p>\n<p>\u201cNosotras y nosotros creemos que el poder s\u00f3lo tiene sentido cuando se pone al servicio de la gente. Vamos a respaldar todo aquello que beneficie a la gente, venga de quien venga. Vamos a construir acuerdos cuando Nuevo Le\u00f3n los necesite. Y tambi\u00e9n vamos a se\u00f1alar lo que est\u00e9 mal, aunque resulte inc\u00f3modo. No estamos aqu\u00ed para servir a un gobernador. Tampoco para servir a un partido. Estamos aqu\u00ed para servir al pueblo\u201d, enfatizo.<\/p>\n<p>En su participaci\u00f3n la Diputada Melisa Pe\u00f1a de MC mencion\u00f3 \u201cNos queda un a\u00f1o. Un a\u00f1o para terminar lo que empezamos, para resolver lo que hemos postergado y para decidir c\u00f3mo queremos que Nuevo Le\u00f3n recuerde a esta Legislatura. Despu\u00e9s de dos a\u00f1os de debates, de diferencias, de momentos dif\u00edciles, pero tambi\u00e9n de acuerdos, creo que hoy vale la pena hacernos una pregunta muy sencilla: \u00bfQu\u00e9 vamos a hacer con el tiempo que nos queda?\u201d<\/p>\n<p>\u201cDiputadas y Diputados: nos queda un a\u00f1o. Hagamos que cuente. Hagamos que valga la pena. Hag\u00e1moslo por Nuevo Le\u00f3n\u201d, destac\u00f3.<\/p>\n<p>Por parte de la Bancada del Partido Revolucionario Institucional, su Coordinador, el Diputado Heriberto Trevi\u00f1o afirm\u00f3 que su bancada mantendr\u00e1 una postura de di\u00e1logo y construcci\u00f3n de acuerdos sin imposiciones para defender los intereses de Nuevo Le\u00f3n y evitar cualquier uso partidista de los recursos p\u00fablicos con fines electorales.<\/p>\n<p>\u201cEste Congreso debe ser la voz que defienda la dignidad de Nuevo Le\u00f3n frente a cualquier intento de menoscabar su autonom\u00eda, recuerden que la historia nos juzgar\u00e1 no solo por lo que dijimos, sino por lo que hicimos. Y tenemos la oportunidad de demostrar que este Congreso est\u00e1 a la altura de los retos de nuestro tiempo\u201d, subray\u00f3.<\/p>\n<p>En representaci\u00f3n del Partido Acci\u00f3n Nacional, el Diputado Ignacio Castellanos asegur\u00f3 que asumir\u00e1n la m\u00e1xima tribuna con la firme convicci\u00f3n de que la pol\u00edtica no es el ejercicio de la simulaci\u00f3n ni el espacio para la ocurrencia; la pol\u00edtica es el arte de servir a la persona, de defender su dignidad y de garantizar que la ley sea el escudo de las familias y no el instrumento del poder en turno.<\/p>\n<p>\u201cNo venimos a calentar esca\u00f1os ni a ser comparsa de un r\u00e9gimen que ha quedado a deber. Desde esta oposici\u00f3n firme, valiente y con causa, dejamos claro que el Grupo Legislativo del PAN est\u00e1 y estar\u00e1 siempre del lado de la gente\u201d.<\/p>\n<p>Al asumir la Presidencia del Congreso de Nuevo Le\u00f3n para el \u00faltimo a\u00f1o de la Legislatura, la Diputada Perla Villarreal hizo un llamado a las distintas fuerzas pol\u00edticas y a los tres poderes del Estado a dejar atr\u00e1s la confrontaci\u00f3n y privilegiar el di\u00e1logo, los acuerdos y el respeto irrestricto a la ley.<\/p>\n<p>\u201cHoy tenemos una oportunidad real de hacer acuerdos. Pero esa oportunidad tiene fecha de vencimiento\u201d.<\/p>\n<p>Villarreal advirti\u00f3 que la pluralidad pol\u00edtica no debe utilizarse como argumento para detener las decisiones que requiere la ciudadan\u00eda y se\u00f1al\u00f3 que existen temas en los que todas las fuerzas pol\u00edticas deben ser capaces de encontrar coincidencias.<\/p>\n<p>\u201cHoy, la democracia la construimos todos. Nuevo Le\u00f3n reclama con justicia lo mejor de nosotros\u201d, puntualiz\u00f3.<\/p>\n<p>A la apertura del periodo ordinario, acudieron Miguel \u00c1ngel Flores Serna, Secretario General de Gobierno, en representaci\u00f3n del Gobernador del Estado; Laura Perla C\u00f3rdova Rodr\u00edguez, Magistrada Presidenta del H. Tribunal Superior de Justicia y del Consejo de la Judicatura del Estado de Nuevo Le\u00f3n; Adri\u00e1n de la Garza Santos, Presidente Municipal de nuestra Ciudad Capital; Javier Flores Sald\u00edvar, Fiscal General del Estado de Nuevo Le\u00f3n, entre otras personalidades.<\/p>\n<div class=\"post-like-dislike-plusCounter-container\">\n<div class=\"button-container-likes-dislike\"><\/div>\n<\/div>\n<\/div>\n","protected":false},"excerpt":{"rendered":"<p>\u00a0El Congreso del Estado dio inicio al Primer Periodo Ordinario de Sesiones del Tercer A\u00f1o Legislativo. &nbsp; En la Sesi\u00f3n Solemne se eligi\u00f3 a las integrantes de la Mesa Directiva que fungir\u00e1 durante el tercer a\u00f1o de ejercicio constitucional de la LXXVII Legislatura. La propuesta para conformar la Mesa Directiva, avalada por las fracciones que integran el Congreso del Estado, fue presentada en Tribuna por el Diputado Carlos de la Fuente y quedo de la siguiente manera: Presidenta Perla Villarreal, Primer Vice Presidenta Roc\u00edo Montalvo, Segunda Vicepresidenta Brenda Vel\u00e1zquez, Primera&hellip;<\/p>\n","protected":false},"author":3,"featured_media":210457,"comment_status":"open","ping_status":"open","sticky":false,"template":"","format":"standard","meta":{"_jetpack_newsletter_access":"","_jetpack_dont_email_post_to_subs":false,"_jetpack_newsletter_tier_id":0,"_jetpack_memberships_contains_paywalled_content":false,"_jetpack_feature_clip_id":0,"_jetpack_memberships_contains_paid_content":false,"footnotes":"","jetpack_post_was_ever_published":false},"categories":[1,45],"tags":[],"class_list":["post-210456","post","type-post","status-publish","format-standard","has-post-thumbnail","hentry","category-locales","category-politica"],"gutentor_comment":0,"jetpack_sharing_enabled":true,"jetpack_featured_media_url":"https:\/\/i0.wp.com\/www.agenciare.site\/index\/wp-content\/uploads\/2026\/09\/55502982556_74b44b45ca_k-800x445-1.webp?fit=800%2C445&ssl=1","_links":{"self":[{"href":"https:\/\/www.agenciare.site\/index\/wp-json\/wp\/v2\/posts\/210456","targetHints":{"allow":["GET"]}}],"collection":[{"href":"https:\/\/www.agenciare.site\/index\/wp-json\/wp\/v2\/posts"}],"about":[{"href":"https:\/\/www.agenciare.site\/index\/wp-json\/wp\/v2\/types\/post"}],"author":[{"embeddable":true,"href":"https:\/\/www.agenciare.site\/index\/wp-json\/wp\/v2\/users\/3"}],"replies":[{"embeddable":true,"href":"https:\/\/www.agenciare.site\/index\/wp-json\/wp\/v2\/comments?post=210456"}],"version-history":[{"count":1,"href":"https:\/\/www.agenciare.site\/index\/wp-json\/wp\/v2\/posts\/210456\/revisions"}],"predecessor-version":[{"id":210458,"href":"https:\/\/www.agenciare.site\/index\/wp-json\/wp\/v2\/posts\/210456\/revisions\/210458"}],"wp:featuredmedia":[{"embeddable":true,"href":"https:\/\/www.agenciare.site\/index\/wp-json\/wp\/v2\/media\/210457"}],"wp:attachment":[{"href":"https:\/\/www.agenciare.site\/index\/wp-json\/wp\/v2\/media?parent=210456"}],"wp:term":[{"taxonomy":"category","embeddable":true,"href":"https:\/\/www.agenciare.site\/index\/wp-json\/wp\/v2\/categories?post=210456"},{"taxonomy":"post_tag","embeddable":true,"href":"https:\/\/www.agenciare.site\/index\/wp-json\/wp\/v2\/tags?post=210456"}],"curies":[{"name":"wp","href":"https:\/\/api.w.org\/{rel}","templated":true}]}}