{"id":210417,"date":"2026-08-31T18:28:46","date_gmt":"2026-09-01T00:28:46","guid":{"rendered":"https:\/\/www.agenciare.site\/index\/?p=210417"},"modified":"2026-08-31T18:28:46","modified_gmt":"2026-09-01T00:28:46","slug":"arranca-operativo-vial-de-regreso-a-clases-en-monterrey","status":"publish","type":"post","link":"https:\/\/www.agenciare.site\/index\/archivos\/210417","title":{"rendered":"Arranca operativo vial de regreso a clases en Monterrey"},"content":{"rendered":"<header class=\"cm-entry-header\">\n<h1 class=\"cm-entry-title\"><\/h1>\n<\/header>\n<div class=\"cm-entry-summary\">\n<p>Con el objetivo de evitar accidentes y agilizar el tr\u00e1fico vehicular, la Secretar\u00eda de Seguridad y Protecci\u00f3n Ciudadana de Monterrey implement\u00f3 este lunes un operativo vial por el inicio del ciclo escolar 2026-2027.<\/p>\n<p>A trav\u00e9s la Direcci\u00f3n de Vialidad y Tr\u00e1nsito se destin\u00f3 a un grupo de 80 agentes de tr\u00e1nsito que agilizaron la circulaci\u00f3n en las zonas escolares de los planteles educativos, que se ubican en las avenidas principales de la ciudad.<\/p>\n<p>El Director de Tr\u00e1nsito de Monterrey, Ricardo Gonz\u00e1lez Rodr\u00edguez, exhort\u00f3 a los padres de familia y a los automovilistas en general, a salir con tiempo de sus hogares, manejar con precauci\u00f3n, usar el cintur\u00f3n de seguridad, no usar el celular mientras se conduce, sentar a los ni\u00f1os en asientos de protecci\u00f3n y respetar los l\u00edmites de velocidad.<\/p>\n<p><img data-recalc-dims=\"1\" loading=\"lazy\" decoding=\"async\" class=\"alignnone wp-image-210419 size-full\" src=\"https:\/\/i0.wp.com\/www.agenciare.site\/index\/wp-content\/uploads\/2026\/08\/IMG-20260831-WA0034-800x445-1.jpg?resize=640%2C356\" alt=\"\" width=\"640\" height=\"356\" srcset=\"https:\/\/i0.wp.com\/www.agenciare.site\/index\/wp-content\/uploads\/2026\/08\/IMG-20260831-WA0034-800x445-1.jpg?w=800&amp;ssl=1 800w, https:\/\/i0.wp.com\/www.agenciare.site\/index\/wp-content\/uploads\/2026\/08\/IMG-20260831-WA0034-800x445-1.jpg?resize=768%2C427&amp;ssl=1 768w\" sizes=\"auto, (max-width: 640px) 100vw, 640px\" \/><\/p>\n<p>\u201cSe implementa el d\u00eda de hoy el operativo de seguridad para los planteles educativos, invitamos a los padres de familia a que salgan oportunamente de sus domicilios para evitar llegar tarde, hacer congestionamientos a la hora de descender a los alumnos, evitando tambi\u00e9n hacerlo en doble fila por seguridad de los menores\u201d, dijo el funcionario.<\/p>\n<p>Las avenidas en las que se despleg\u00f3 el operativo especial de Tr\u00e1nsito, para proteger a los peatones, alumnos y maestros, fueron Madero, Venustiano Carranza, Garza Sada, F\u00e9lix U. G\u00f3mez, Ju\u00e1rez, Aztl\u00e1n, Revoluci\u00f3n, Col\u00f3n, entre otras.<\/p>\n<p>Los uniformados estar\u00e1n de lunes a viernes, de las 07:00 a las 09:30 horas; de 11:30 a 14:30 horas y de 16:30 a 18:30 horas.<\/p>\n<p>Gonz\u00e1lez Rodr\u00edguez lanz\u00f3 un llamado a los conductores para que limiten la velocidad a 30 kil\u00f3metros por hora y atiendan oportunamente las indicaciones de los oficiales para evitar cualquier percance vial.<\/p>\n<p>Finalmente, el funcionario record\u00f3 que la multa por exceso de velocidad en zona escolar es de 3 mil 519.30 pesos.<\/p>\n<div class=\"addtoany_share_save_container addtoany_content addtoany_content_bottom\">\n<div class=\"a2a_kit a2a_kit_size_32 addtoany_list\" data-a2a-url=\"https:\/\/revistasentidosconvalores.com\/2026\/08\/31\/arranca-operativo-vial-de-regreso-a-clases-en-monterrey\/\" data-a2a-title=\"Arranca operativo vial de regreso a clases en Monterrey\"><img data-recalc-dims=\"1\" loading=\"lazy\" decoding=\"async\" class=\"alignnone wp-image-210420 size-full\" src=\"https:\/\/i0.wp.com\/www.agenciare.site\/index\/wp-content\/uploads\/2026\/08\/OPERATIVO-REGRESO-CLASES-2026-3.jpeg?resize=640%2C427\" alt=\"\" width=\"640\" height=\"427\" srcset=\"https:\/\/i0.wp.com\/www.agenciare.site\/index\/wp-content\/uploads\/2026\/08\/OPERATIVO-REGRESO-CLASES-2026-3.jpeg?w=1213&amp;ssl=1 1213w, https:\/\/i0.wp.com\/www.agenciare.site\/index\/wp-content\/uploads\/2026\/08\/OPERATIVO-REGRESO-CLASES-2026-3.jpeg?resize=768%2C512&amp;ssl=1 768w\" sizes=\"auto, (max-width: 640px) 100vw, 640px\" \/><\/div>\n<\/div>\n<\/div>\n","protected":false},"excerpt":{"rendered":"<p>Con el objetivo de evitar accidentes y agilizar el tr\u00e1fico vehicular, la Secretar\u00eda de Seguridad y Protecci\u00f3n Ciudadana de Monterrey implement\u00f3 este lunes un operativo vial por el inicio del ciclo escolar 2026-2027. A trav\u00e9s la Direcci\u00f3n de Vialidad y Tr\u00e1nsito se destin\u00f3 a un grupo de 80 agentes de tr\u00e1nsito que agilizaron la circulaci\u00f3n en las zonas escolares de los planteles educativos, que se ubican en las avenidas principales de la ciudad. El Director de Tr\u00e1nsito de Monterrey, Ricardo Gonz\u00e1lez Rodr\u00edguez, exhort\u00f3 a los padres de familia y a&hellip;<\/p>\n","protected":false},"author":3,"featured_media":210418,"comment_status":"open","ping_status":"open","sticky":false,"template":"","format":"standard","meta":{"_jetpack_newsletter_access":"","_jetpack_dont_email_post_to_subs":false,"_jetpack_newsletter_tier_id":0,"_jetpack_memberships_contains_paywalled_content":false,"_jetpack_feature_clip_id":0,"_jetpack_memberships_contains_paid_content":false,"footnotes":"","jetpack_post_was_ever_published":false},"categories":[1,35],"tags":[],"class_list":["post-210417","post","type-post","status-publish","format-standard","has-post-thumbnail","hentry","category-locales","category-vialidad"],"gutentor_comment":0,"jetpack_sharing_enabled":true,"jetpack_featured_media_url":"https:\/\/i0.wp.com\/www.agenciare.site\/index\/wp-content\/uploads\/2026\/08\/OPERATIVO-REGRESO-CLASES-2026-2.jpeg?fit=1213%2C809&ssl=1","_links":{"self":[{"href":"https:\/\/www.agenciare.site\/index\/wp-json\/wp\/v2\/posts\/210417","targetHints":{"allow":["GET"]}}],"collection":[{"href":"https:\/\/www.agenciare.site\/index\/wp-json\/wp\/v2\/posts"}],"about":[{"href":"https:\/\/www.agenciare.site\/index\/wp-json\/wp\/v2\/types\/post"}],"author":[{"embeddable":true,"href":"https:\/\/www.agenciare.site\/index\/wp-json\/wp\/v2\/users\/3"}],"replies":[{"embeddable":true,"href":"https:\/\/www.agenciare.site\/index\/wp-json\/wp\/v2\/comments?post=210417"}],"version-history":[{"count":1,"href":"https:\/\/www.agenciare.site\/index\/wp-json\/wp\/v2\/posts\/210417\/revisions"}],"predecessor-version":[{"id":210421,"href":"https:\/\/www.agenciare.site\/index\/wp-json\/wp\/v2\/posts\/210417\/revisions\/210421"}],"wp:featuredmedia":[{"embeddable":true,"href":"https:\/\/www.agenciare.site\/index\/wp-json\/wp\/v2\/media\/210418"}],"wp:attachment":[{"href":"https:\/\/www.agenciare.site\/index\/wp-json\/wp\/v2\/media?parent=210417"}],"wp:term":[{"taxonomy":"category","embeddable":true,"href":"https:\/\/www.agenciare.site\/index\/wp-json\/wp\/v2\/categories?post=210417"},{"taxonomy":"post_tag","embeddable":true,"href":"https:\/\/www.agenciare.site\/index\/wp-json\/wp\/v2\/tags?post=210417"}],"curies":[{"name":"wp","href":"https:\/\/api.w.org\/{rel}","templated":true}]}}