{"id":210401,"date":"2026-08-30T09:42:47","date_gmt":"2026-08-30T15:42:47","guid":{"rendered":"https:\/\/www.agenciare.site\/index\/?p=210401"},"modified":"2026-08-31T09:43:02","modified_gmt":"2026-08-31T15:43:02","slug":"abarrotan-plaza-de-guadalupe-para-celebrar-a-adultos-mayores","status":"publish","type":"post","link":"https:\/\/www.agenciare.site\/index\/archivos\/210401","title":{"rendered":"Abarrotan Plaza de Guadalupe para celebrar a adultos mayores"},"content":{"rendered":"<p>Con la asistencia de casi 10 mil personas, el Gobierno Municipal de Guadalupe celebr\u00f3 a los adultos mayores con un gran festejo en la Plaza Principal, en reconocimiento a quienes, con su trabajo y esfuerzo, han contribuido al desarrollo del municipio.<\/p>\n<p>&nbsp;<\/p>\n<p>El alcalde H\u00e9ctor Garc\u00eda y la presidenta del Sistema DIF, Blanca Trevi\u00f1o, convivieron con los asistentes durante el festejo, mientras la Sonora Santanera y Jorge Mu\u00f1iz pusieron el ritmo a la celebraci\u00f3n con interpretaciones que evocaron grandes recuerdos y revivieron historias a trav\u00e9s de cada melod\u00eda.<\/p>\n<p><img data-recalc-dims=\"1\" loading=\"lazy\" decoding=\"async\" class=\"alignnone wp-image-210403 size-full\" src=\"https:\/\/i0.wp.com\/www.agenciare.site\/index\/wp-content\/uploads\/2026\/08\/IMG-20260830-WA0076.jpg?resize=640%2C426\" alt=\"\" width=\"640\" height=\"426\" srcset=\"https:\/\/i0.wp.com\/www.agenciare.site\/index\/wp-content\/uploads\/2026\/08\/IMG-20260830-WA0076.jpg?w=1600&amp;ssl=1 1600w, https:\/\/i0.wp.com\/www.agenciare.site\/index\/wp-content\/uploads\/2026\/08\/IMG-20260830-WA0076.jpg?resize=768%2C512&amp;ssl=1 768w, https:\/\/i0.wp.com\/www.agenciare.site\/index\/wp-content\/uploads\/2026\/08\/IMG-20260830-WA0076.jpg?resize=1536%2C1023&amp;ssl=1 1536w, https:\/\/i0.wp.com\/www.agenciare.site\/index\/wp-content\/uploads\/2026\/08\/IMG-20260830-WA0076.jpg?w=1280 1280w\" sizes=\"auto, (max-width: 640px) 100vw, 640px\" \/><\/p>\n<p>\u201cQuisimos hacer el honor a esa gente personas mayores, adultos mayores, abuelitos y abuelitas, en honor de ustedes; y esta fiesta se hace por que ustedes la merecen, porque los que tenemos la bendici\u00f3n de Dios de tener nietos, sabemos que es lo que m\u00e1s queremos a nuestros hijos y luego a nuestros nietos.\u201d<\/p>\n<p>&nbsp;<\/p>\n<p>La Plaza Principal luci\u00f3 abarrotada por familias que se sumaron al homenaje y reconocieron el legado, el amor y los valores que los adultos mayores han transmitido de generaci\u00f3n en generaci\u00f3n.<\/p>\n<p>&nbsp;<\/p>\n<p>El edil record\u00f3 que en Guadalupe los adultos mayores reciben atenci\u00f3n integral por parte del Sistema DIF y que ya cuentan con el primer Centro Gerontol\u00f3gico, donde tienen acceso a servicios de salud, atenci\u00f3n psicol\u00f3gica y diversas actividades deportivas y culturales.<\/p>\n<p><img data-recalc-dims=\"1\" loading=\"lazy\" decoding=\"async\" class=\"alignnone wp-image-210404 size-full\" src=\"https:\/\/i0.wp.com\/www.agenciare.site\/index\/wp-content\/uploads\/2026\/08\/IMG-20260830-WA0078.jpg?resize=640%2C360\" alt=\"\" width=\"640\" height=\"360\" srcset=\"https:\/\/i0.wp.com\/www.agenciare.site\/index\/wp-content\/uploads\/2026\/08\/IMG-20260830-WA0078.jpg?w=1600&amp;ssl=1 1600w, https:\/\/i0.wp.com\/www.agenciare.site\/index\/wp-content\/uploads\/2026\/08\/IMG-20260830-WA0078.jpg?resize=768%2C432&amp;ssl=1 768w, https:\/\/i0.wp.com\/www.agenciare.site\/index\/wp-content\/uploads\/2026\/08\/IMG-20260830-WA0078.jpg?resize=1536%2C864&amp;ssl=1 1536w, https:\/\/i0.wp.com\/www.agenciare.site\/index\/wp-content\/uploads\/2026\/08\/IMG-20260830-WA0078.jpg?w=1280 1280w\" sizes=\"auto, (max-width: 640px) 100vw, 640px\" \/><\/p>\n","protected":false},"excerpt":{"rendered":"<p>Con la asistencia de casi 10 mil personas, el Gobierno Municipal de Guadalupe celebr\u00f3 a los adultos mayores con un gran festejo en la Plaza Principal, en reconocimiento a quienes, con su trabajo y esfuerzo, han contribuido al desarrollo del municipio. &nbsp; El alcalde H\u00e9ctor Garc\u00eda y la presidenta del Sistema DIF, Blanca Trevi\u00f1o, convivieron con los asistentes durante el festejo, mientras la Sonora Santanera y Jorge Mu\u00f1iz pusieron el ritmo a la celebraci\u00f3n con interpretaciones que evocaron grandes recuerdos y revivieron historias a trav\u00e9s de cada melod\u00eda. \u201cQuisimos hacer&hellip;<\/p>\n","protected":false},"author":3,"featured_media":210402,"comment_status":"open","ping_status":"open","sticky":false,"template":"","format":"standard","meta":{"_jetpack_newsletter_access":"","_jetpack_dont_email_post_to_subs":false,"_jetpack_newsletter_tier_id":0,"_jetpack_memberships_contains_paywalled_content":false,"_jetpack_feature_clip_id":0,"_jetpack_memberships_contains_paid_content":false,"footnotes":"","jetpack_post_was_ever_published":false},"categories":[1],"tags":[],"class_list":["post-210401","post","type-post","status-publish","format-standard","has-post-thumbnail","hentry","category-locales"],"gutentor_comment":0,"jetpack_sharing_enabled":true,"jetpack_featured_media_url":"https:\/\/i0.wp.com\/www.agenciare.site\/index\/wp-content\/uploads\/2026\/08\/IMG-20260830-WA0009-800x445-1.webp?fit=800%2C445&ssl=1","_links":{"self":[{"href":"https:\/\/www.agenciare.site\/index\/wp-json\/wp\/v2\/posts\/210401","targetHints":{"allow":["GET"]}}],"collection":[{"href":"https:\/\/www.agenciare.site\/index\/wp-json\/wp\/v2\/posts"}],"about":[{"href":"https:\/\/www.agenciare.site\/index\/wp-json\/wp\/v2\/types\/post"}],"author":[{"embeddable":true,"href":"https:\/\/www.agenciare.site\/index\/wp-json\/wp\/v2\/users\/3"}],"replies":[{"embeddable":true,"href":"https:\/\/www.agenciare.site\/index\/wp-json\/wp\/v2\/comments?post=210401"}],"version-history":[{"count":1,"href":"https:\/\/www.agenciare.site\/index\/wp-json\/wp\/v2\/posts\/210401\/revisions"}],"predecessor-version":[{"id":210405,"href":"https:\/\/www.agenciare.site\/index\/wp-json\/wp\/v2\/posts\/210401\/revisions\/210405"}],"wp:featuredmedia":[{"embeddable":true,"href":"https:\/\/www.agenciare.site\/index\/wp-json\/wp\/v2\/media\/210402"}],"wp:attachment":[{"href":"https:\/\/www.agenciare.site\/index\/wp-json\/wp\/v2\/media?parent=210401"}],"wp:term":[{"taxonomy":"category","embeddable":true,"href":"https:\/\/www.agenciare.site\/index\/wp-json\/wp\/v2\/categories?post=210401"},{"taxonomy":"post_tag","embeddable":true,"href":"https:\/\/www.agenciare.site\/index\/wp-json\/wp\/v2\/tags?post=210401"}],"curies":[{"name":"wp","href":"https:\/\/api.w.org\/{rel}","templated":true}]}}