{"id":210391,"date":"2026-08-30T01:10:16","date_gmt":"2026-08-30T07:10:16","guid":{"rendered":"https:\/\/www.agenciare.site\/index\/?p=210391"},"modified":"2026-08-31T01:11:21","modified_gmt":"2026-08-31T07:11:21","slug":"inaugura-monterrey-tres-centros-dif-al-poniente-de-ciudad","status":"publish","type":"post","link":"https:\/\/www.agenciare.site\/index\/archivos\/210391","title":{"rendered":"Inaugura Monterrey tres Centros DIF al poniente de ciudad"},"content":{"rendered":"<p>El alcalde Adri\u00e1n de la Garza y la presidenta del DIF Monterrey, Gaby Oyervides, entregaron la remodelaci\u00f3n de los Centros DIF San Mart\u00edn, Tierra y Libertad e INDECO Naranjo, como parte del programa \u201cEspacios DIFerentes\u201d, que busca brindar instalaciones dignas, funcionales y mejores servicios a las familias regiomontanas.<\/p>\n<p>&nbsp;<\/p>\n<p>Con estas tres renovaciones, el Gobierno de Monterrey suma m\u00e1s del 70 por ciento de los espacios rehabilitados y entregados a la comunidad a trav\u00e9s de esta estrategia.<\/p>\n<p>&nbsp;<\/p>\n<p>El edil y su esposa encabezaron los actos inaugurales y realizaron recorridos por los inmuebles para supervisar los trabajos que se hicieron y las nuevas \u00e1reas que estar\u00e1n al servicio de la comunidad.<\/p>\n<p>&nbsp;<\/p>\n<p>En el Centro DIF San Mart\u00edn, se llev\u00f3 a cabo una intervenci\u00f3n integral del inmueble, que incluy\u00f3 la construcci\u00f3n de una nueva cocina y ba\u00f1os, un sal\u00f3n de box y formativo, aula digital, sal\u00f3n polivalente y un \u00e1rea de aula geri\u00e1trica.<\/p>\n<p><img data-recalc-dims=\"1\" loading=\"lazy\" decoding=\"async\" class=\"alignnone wp-image-210393 size-full\" src=\"https:\/\/i0.wp.com\/www.agenciare.site\/index\/wp-content\/uploads\/2026\/08\/IMG-20260830-WA0005-1536x1024-1.jpg?resize=640%2C427\" alt=\"\" width=\"640\" height=\"427\" srcset=\"https:\/\/i0.wp.com\/www.agenciare.site\/index\/wp-content\/uploads\/2026\/08\/IMG-20260830-WA0005-1536x1024-1.jpg?w=1536&amp;ssl=1 1536w, https:\/\/i0.wp.com\/www.agenciare.site\/index\/wp-content\/uploads\/2026\/08\/IMG-20260830-WA0005-1536x1024-1.jpg?resize=768%2C512&amp;ssl=1 768w, https:\/\/i0.wp.com\/www.agenciare.site\/index\/wp-content\/uploads\/2026\/08\/IMG-20260830-WA0005-1536x1024-1.jpg?w=1280 1280w\" sizes=\"auto, (max-width: 640px) 100vw, 640px\" \/><\/p>\n<p>El inmueble tambi\u00e9n fue equipado con mobiliario nuevo y aparatos especializados para apoyar las terapias de personas con discapacidad f\u00edsica, ya sea de nacimiento, derivada de alguna enfermedad o como consecuencia de un accidente.<\/p>\n<p>&nbsp;<\/p>\n<p>Posteriormente, las autoridades realizaron el corte de list\u00f3n del Centro DIF Tierra y Libertad, donde recorrieron este nuevo espacios que cuenta con cocina, salones formativo y polivalente, que permitir\u00e1n ampliar los servicios brindados.<\/p>\n<p>&nbsp;<\/p>\n<p>En el INDECO Naranjo, se rehabilito la sala de atenci\u00f3n a los adultos mayores, se implement\u00f3 un sal\u00f3n creativo y se renovaron las \u00e1reas de cocina y ba\u00f1os,<\/p>\n<p>&nbsp;<\/p>\n<p>Los centros ofrecer\u00e1n atenci\u00f3n psicol\u00f3gica, actividades y diversos talleres enfocados en fortalecer el bienestar, desarrollo e integraci\u00f3n de los habitantes del sector.<\/p>\n<p>&nbsp;<\/p>\n<p>Con la rehabilitaci\u00f3n de estos inmuebles, el Gobierno de Monterrey refrenda su compromiso de acercar servicios sociales y de atenci\u00f3n integral a las colonias, mediante instalaciones adecuadas que contribuyan al bienestar y desarrollo de las familias regiomontanas.<\/p>\n<p>&nbsp;<\/p>\n<p>A las inauguraciones tambien asistieron los secretarios de Administraci\u00f3n, Marcelo Segovia, y de Participaci\u00f3n Ciudadana, Rafael Ramos; la directora general del DIF Monterrey, Ivonne \u00c1lvarez; y el director de Mantenimiento y Equipamiento de Monterrey, Roberto Tomasichi.<\/p>\n<p><img data-recalc-dims=\"1\" loading=\"lazy\" decoding=\"async\" class=\"alignnone wp-image-210394 size-full\" src=\"https:\/\/i0.wp.com\/www.agenciare.site\/index\/wp-content\/uploads\/2026\/08\/IMG-20260830-WA0003-1024x683-1.jpg?resize=640%2C427\" alt=\"\" width=\"640\" height=\"427\" srcset=\"https:\/\/i0.wp.com\/www.agenciare.site\/index\/wp-content\/uploads\/2026\/08\/IMG-20260830-WA0003-1024x683-1.jpg?w=1024&amp;ssl=1 1024w, https:\/\/i0.wp.com\/www.agenciare.site\/index\/wp-content\/uploads\/2026\/08\/IMG-20260830-WA0003-1024x683-1.jpg?resize=768%2C512&amp;ssl=1 768w\" sizes=\"auto, (max-width: 640px) 100vw, 640px\" \/><\/p>\n","protected":false},"excerpt":{"rendered":"<p>El alcalde Adri\u00e1n de la Garza y la presidenta del DIF Monterrey, Gaby Oyervides, entregaron la remodelaci\u00f3n de los Centros DIF San Mart\u00edn, Tierra y Libertad e INDECO Naranjo, como parte del programa \u201cEspacios DIFerentes\u201d, que busca brindar instalaciones dignas, funcionales y mejores servicios a las familias regiomontanas. &nbsp; Con estas tres renovaciones, el Gobierno de Monterrey suma m\u00e1s del 70 por ciento de los espacios rehabilitados y entregados a la comunidad a trav\u00e9s de esta estrategia. &nbsp; El edil y su esposa encabezaron los actos inaugurales y realizaron recorridos&hellip;<\/p>\n","protected":false},"author":3,"featured_media":210392,"comment_status":"open","ping_status":"open","sticky":false,"template":"","format":"standard","meta":{"_jetpack_newsletter_access":"","_jetpack_dont_email_post_to_subs":false,"_jetpack_newsletter_tier_id":0,"_jetpack_memberships_contains_paywalled_content":false,"_jetpack_feature_clip_id":0,"_jetpack_memberships_contains_paid_content":false,"footnotes":"","jetpack_post_was_ever_published":false},"categories":[1],"tags":[],"class_list":["post-210391","post","type-post","status-publish","format-standard","has-post-thumbnail","hentry","category-locales"],"gutentor_comment":0,"jetpack_sharing_enabled":true,"jetpack_featured_media_url":"https:\/\/i0.wp.com\/www.agenciare.site\/index\/wp-content\/uploads\/2026\/08\/IMG-20260830-WA0006-800x445-1.jpg?fit=800%2C445&ssl=1","_links":{"self":[{"href":"https:\/\/www.agenciare.site\/index\/wp-json\/wp\/v2\/posts\/210391","targetHints":{"allow":["GET"]}}],"collection":[{"href":"https:\/\/www.agenciare.site\/index\/wp-json\/wp\/v2\/posts"}],"about":[{"href":"https:\/\/www.agenciare.site\/index\/wp-json\/wp\/v2\/types\/post"}],"author":[{"embeddable":true,"href":"https:\/\/www.agenciare.site\/index\/wp-json\/wp\/v2\/users\/3"}],"replies":[{"embeddable":true,"href":"https:\/\/www.agenciare.site\/index\/wp-json\/wp\/v2\/comments?post=210391"}],"version-history":[{"count":1,"href":"https:\/\/www.agenciare.site\/index\/wp-json\/wp\/v2\/posts\/210391\/revisions"}],"predecessor-version":[{"id":210395,"href":"https:\/\/www.agenciare.site\/index\/wp-json\/wp\/v2\/posts\/210391\/revisions\/210395"}],"wp:featuredmedia":[{"embeddable":true,"href":"https:\/\/www.agenciare.site\/index\/wp-json\/wp\/v2\/media\/210392"}],"wp:attachment":[{"href":"https:\/\/www.agenciare.site\/index\/wp-json\/wp\/v2\/media?parent=210391"}],"wp:term":[{"taxonomy":"category","embeddable":true,"href":"https:\/\/www.agenciare.site\/index\/wp-json\/wp\/v2\/categories?post=210391"},{"taxonomy":"post_tag","embeddable":true,"href":"https:\/\/www.agenciare.site\/index\/wp-json\/wp\/v2\/tags?post=210391"}],"curies":[{"name":"wp","href":"https:\/\/api.w.org\/{rel}","templated":true}]}}