{"id":210387,"date":"2026-08-30T01:04:16","date_gmt":"2026-08-30T07:04:16","guid":{"rendered":"https:\/\/www.agenciare.site\/index\/?p=210387"},"modified":"2026-08-31T01:04:36","modified_gmt":"2026-08-31T07:04:36","slug":"monterrey-supera-meta-de-retiro-de-cable-en-desuso","status":"publish","type":"post","link":"https:\/\/www.agenciare.site\/index\/archivos\/210387","title":{"rendered":"Monterrey supera meta de retiro de cable en desuso"},"content":{"rendered":"<p>El Gobierno de Monterrey, a trav\u00e9s de la Secretar\u00eda de Servicios P\u00fablicos y en coordinaci\u00f3n con empresas cableras, super\u00f3 la meta establecida para el retiro de cable en desuso, al alcanzar un mill\u00f3n 370 mil metros lineales retirados de las calles de la ciudad.<\/p>\n<p>&nbsp;<\/p>\n<p>La meta establecida para la presente administraci\u00f3n era retirar un mill\u00f3n de metros lineales de cable, cifra que ya fue rebasada, inform\u00f3 el Secretario de Servicios P\u00fablicos, Hugo Salinas.<\/p>\n<p>&nbsp;<\/p>\n<p>Como parte de los operativos para mejorar la seguridad y la imagen urbana, las cuadrillas municipales han atendido m\u00e1s de 80 colonias donde se presentaba acumulaci\u00f3n de cableado, conocido como \u201ctelara\u00f1as\u201d, mediante acciones coordinadas con las empresas responsables de estos servicios.<\/p>\n<p>&nbsp;<\/p>\n<p>Adem\u00e1s del retiro, explic\u00f3 el Secretario de Servicios P\u00fablicos, el material es destinado al reciclaje y ha sido aprovechado para la elaboraci\u00f3n de distintos elementos, entre ellos obras de arte instaladas en espacios p\u00fablicos de la ciudad.<\/p>\n<p>&nbsp;<\/p>\n<p>\u201cAs\u00ed es, la idea principal es reciclarlos, definitivamente lo hemos estado utilizando inclusive en obras de arte que son exhibidas en la plaza Zaragoza, en la Alameda, ahora con el tema del mundial se llev\u00f3 a cabo la elaboraci\u00f3n de un bal\u00f3n, conmemorando este evento deportivo tan importante, que se elabor\u00f3 con cable en desuso\u201d.<\/p>\n<p>&nbsp;<\/p>\n<p>Los trabajos continuar\u00e1n en distintos sectores de Monterrey para atender los puntos donde exista acumulaci\u00f3n de cableado que ya no se encuentra en operaci\u00f3n.<\/p>\n<p><img data-recalc-dims=\"1\" loading=\"lazy\" decoding=\"async\" class=\"alignnone wp-image-210389 size-full\" src=\"https:\/\/i0.wp.com\/www.agenciare.site\/index\/wp-content\/uploads\/2026\/08\/IMG-20260830-WA0045-1536x1024-1.jpg?resize=640%2C427\" alt=\"\" width=\"640\" height=\"427\" srcset=\"https:\/\/i0.wp.com\/www.agenciare.site\/index\/wp-content\/uploads\/2026\/08\/IMG-20260830-WA0045-1536x1024-1.jpg?w=1536&amp;ssl=1 1536w, https:\/\/i0.wp.com\/www.agenciare.site\/index\/wp-content\/uploads\/2026\/08\/IMG-20260830-WA0045-1536x1024-1.jpg?resize=768%2C512&amp;ssl=1 768w, https:\/\/i0.wp.com\/www.agenciare.site\/index\/wp-content\/uploads\/2026\/08\/IMG-20260830-WA0045-1536x1024-1.jpg?w=1280 1280w\" sizes=\"auto, (max-width: 640px) 100vw, 640px\" \/><\/p>\n","protected":false},"excerpt":{"rendered":"<p>El Gobierno de Monterrey, a trav\u00e9s de la Secretar\u00eda de Servicios P\u00fablicos y en coordinaci\u00f3n con empresas cableras, super\u00f3 la meta establecida para el retiro de cable en desuso, al alcanzar un mill\u00f3n 370 mil metros lineales retirados de las calles de la ciudad. &nbsp; La meta establecida para la presente administraci\u00f3n era retirar un mill\u00f3n de metros lineales de cable, cifra que ya fue rebasada, inform\u00f3 el Secretario de Servicios P\u00fablicos, Hugo Salinas. &nbsp; Como parte de los operativos para mejorar la seguridad y la imagen urbana, las cuadrillas&hellip;<\/p>\n","protected":false},"author":3,"featured_media":210388,"comment_status":"open","ping_status":"open","sticky":false,"template":"","format":"standard","meta":{"_jetpack_newsletter_access":"","_jetpack_dont_email_post_to_subs":false,"_jetpack_newsletter_tier_id":0,"_jetpack_memberships_contains_paywalled_content":false,"_jetpack_feature_clip_id":0,"_jetpack_memberships_contains_paid_content":false,"footnotes":"","jetpack_post_was_ever_published":false},"categories":[1],"tags":[],"class_list":["post-210387","post","type-post","status-publish","format-standard","has-post-thumbnail","hentry","category-locales"],"gutentor_comment":0,"jetpack_sharing_enabled":true,"jetpack_featured_media_url":"https:\/\/i0.wp.com\/www.agenciare.site\/index\/wp-content\/uploads\/2026\/08\/IMG-20260830-WA0048-800x445-1.jpg?fit=800%2C445&ssl=1","_links":{"self":[{"href":"https:\/\/www.agenciare.site\/index\/wp-json\/wp\/v2\/posts\/210387","targetHints":{"allow":["GET"]}}],"collection":[{"href":"https:\/\/www.agenciare.site\/index\/wp-json\/wp\/v2\/posts"}],"about":[{"href":"https:\/\/www.agenciare.site\/index\/wp-json\/wp\/v2\/types\/post"}],"author":[{"embeddable":true,"href":"https:\/\/www.agenciare.site\/index\/wp-json\/wp\/v2\/users\/3"}],"replies":[{"embeddable":true,"href":"https:\/\/www.agenciare.site\/index\/wp-json\/wp\/v2\/comments?post=210387"}],"version-history":[{"count":1,"href":"https:\/\/www.agenciare.site\/index\/wp-json\/wp\/v2\/posts\/210387\/revisions"}],"predecessor-version":[{"id":210390,"href":"https:\/\/www.agenciare.site\/index\/wp-json\/wp\/v2\/posts\/210387\/revisions\/210390"}],"wp:featuredmedia":[{"embeddable":true,"href":"https:\/\/www.agenciare.site\/index\/wp-json\/wp\/v2\/media\/210388"}],"wp:attachment":[{"href":"https:\/\/www.agenciare.site\/index\/wp-json\/wp\/v2\/media?parent=210387"}],"wp:term":[{"taxonomy":"category","embeddable":true,"href":"https:\/\/www.agenciare.site\/index\/wp-json\/wp\/v2\/categories?post=210387"},{"taxonomy":"post_tag","embeddable":true,"href":"https:\/\/www.agenciare.site\/index\/wp-json\/wp\/v2\/tags?post=210387"}],"curies":[{"name":"wp","href":"https:\/\/api.w.org\/{rel}","templated":true}]}}