{"id":210384,"date":"2026-08-30T00:54:29","date_gmt":"2026-08-30T06:54:29","guid":{"rendered":"https:\/\/www.agenciare.site\/index\/?p=210384"},"modified":"2026-08-31T00:54:43","modified_gmt":"2026-08-31T06:54:43","slug":"reconoce-waldo-a-demas-aspirantes-de-morena","status":"publish","type":"post","link":"https:\/\/www.agenciare.site\/index\/archivos\/210384","title":{"rendered":"Reconoce Waldo a dem\u00e1s aspirantes de Morena"},"content":{"rendered":"<p>Durante la Asamblea Informativa realizada en el municipio de Guadalupe, Waldo Fern\u00e1ndez reconoci\u00f3 a los dem\u00e1s aspirantes a la Coordinaci\u00f3n de la Defensa de la Transformaci\u00f3n y la Soberan\u00eda Nacional, as\u00ed como a otros liderazgos de Morena en Nuevo Le\u00f3n.<\/p>\n<p>&nbsp;<\/p>\n<p>Ante militantes y simpatizantes reunidos en la Plaza Principal de Guadalupe, Fern\u00e1ndez hizo un reconocimiento a Clara Luz Flores y Andr\u00e9s Mijes, quienes estuvieron presentes en la Asamblea, as\u00ed como a Judith D\u00edaz, Tatiana Clouthier y Felipe de Jes\u00fas Cant\u00fa.<\/p>\n<p>&nbsp;<\/p>\n<p>\u201cReconocer a mi amiga Clara Luz Flores que tuvo el valor y la valent\u00eda de sumarse a este movimiento y darle a este movimiento la vida institucional que se requer\u00eda\u201d, dijo.<\/p>\n<p>&nbsp;<\/p>\n<p>Waldo tambi\u00e9n destac\u00f3 el trabajo del Alcalde de Escobedo, Andr\u00e9s Mijes. \u201cEs un referente a nivel nacional de c\u00f3mo se debe de gobernar en un municipio por Morena\u201d, expres\u00f3.<\/p>\n<p>&nbsp;<\/p>\n<p>Durante la Asamblea, los asistentes respondieron con gritos de \u201cunidad, unidad\u201d, mientras Waldo continu\u00f3 con los reconocimientos.<\/p>\n<p>&nbsp;<\/p>\n<p>Fern\u00e1ndez reconoci\u00f3 tambi\u00e9n a su compa\u00f1era de f\u00f3rmula, Judith D\u00edaz, quien no estuvo presente debido a que participaba en otra Asamblea Informativa.<\/p>\n<p>&nbsp;<\/p>\n<p>Tambi\u00e9n hizo un reconocimiento a Felipe de Jes\u00fas Cant\u00fa por haberse sumado al movimiento en una etapa que Waldo consider\u00f3 especialmente dif\u00edcil. \u201cCasi nadie se dio cuenta, pero se sum\u00f3 al movimiento en el momento m\u00e1s dif\u00edcil que hab\u00eda tenido ese movimiento\u201d, se\u00f1al\u00f3.<\/p>\n<p>&nbsp;<\/p>\n<p>Sobre Tatiana Clouthier, Waldo reconoci\u00f3 su participaci\u00f3n durante una etapa del movimiento en apoyo al expresidente Andr\u00e9s Manuel L\u00f3pez Obrador.<\/p>\n<p>&nbsp;<\/p>\n<p>La calific\u00f3 como una mujer que se entreg\u00f3 en una etapa vital del movimiento apoyando a L\u00f3pez Obrador.<\/p>\n<p>&nbsp;<\/p>\n<p>Al finalizar su intervenci\u00f3n, Waldo pidi\u00f3 a los asistentes comprometerse con la Presidenta Claudia Sheinbaum y defenderla. \u201cSomos mexicanas y mexicanos y hoy est\u00e1 enfrentando el embate de otros lugares del mundo que no tienen nada que ver en lo que decidimos nosotros en nuestra casa\u201d, asever\u00f3.<\/p>\n","protected":false},"excerpt":{"rendered":"<p>Durante la Asamblea Informativa realizada en el municipio de Guadalupe, Waldo Fern\u00e1ndez reconoci\u00f3 a los dem\u00e1s aspirantes a la Coordinaci\u00f3n de la Defensa de la Transformaci\u00f3n y la Soberan\u00eda Nacional, as\u00ed como a otros liderazgos de Morena en Nuevo Le\u00f3n. &nbsp; Ante militantes y simpatizantes reunidos en la Plaza Principal de Guadalupe, Fern\u00e1ndez hizo un reconocimiento a Clara Luz Flores y Andr\u00e9s Mijes, quienes estuvieron presentes en la Asamblea, as\u00ed como a Judith D\u00edaz, Tatiana Clouthier y Felipe de Jes\u00fas Cant\u00fa. &nbsp; \u201cReconocer a mi amiga Clara Luz Flores que&hellip;<\/p>\n","protected":false},"author":3,"featured_media":210385,"comment_status":"open","ping_status":"open","sticky":false,"template":"","format":"standard","meta":{"_jetpack_newsletter_access":"","_jetpack_dont_email_post_to_subs":false,"_jetpack_newsletter_tier_id":0,"_jetpack_memberships_contains_paywalled_content":false,"_jetpack_feature_clip_id":0,"_jetpack_memberships_contains_paid_content":false,"footnotes":"","jetpack_post_was_ever_published":false},"categories":[1,45],"tags":[],"class_list":["post-210384","post","type-post","status-publish","format-standard","has-post-thumbnail","hentry","category-locales","category-politica"],"gutentor_comment":0,"jetpack_sharing_enabled":true,"jetpack_featured_media_url":"https:\/\/i0.wp.com\/www.agenciare.site\/index\/wp-content\/uploads\/2026\/08\/IMG-20260830-WA0069-800x445-1.jpg?fit=800%2C445&ssl=1","_links":{"self":[{"href":"https:\/\/www.agenciare.site\/index\/wp-json\/wp\/v2\/posts\/210384","targetHints":{"allow":["GET"]}}],"collection":[{"href":"https:\/\/www.agenciare.site\/index\/wp-json\/wp\/v2\/posts"}],"about":[{"href":"https:\/\/www.agenciare.site\/index\/wp-json\/wp\/v2\/types\/post"}],"author":[{"embeddable":true,"href":"https:\/\/www.agenciare.site\/index\/wp-json\/wp\/v2\/users\/3"}],"replies":[{"embeddable":true,"href":"https:\/\/www.agenciare.site\/index\/wp-json\/wp\/v2\/comments?post=210384"}],"version-history":[{"count":1,"href":"https:\/\/www.agenciare.site\/index\/wp-json\/wp\/v2\/posts\/210384\/revisions"}],"predecessor-version":[{"id":210386,"href":"https:\/\/www.agenciare.site\/index\/wp-json\/wp\/v2\/posts\/210384\/revisions\/210386"}],"wp:featuredmedia":[{"embeddable":true,"href":"https:\/\/www.agenciare.site\/index\/wp-json\/wp\/v2\/media\/210385"}],"wp:attachment":[{"href":"https:\/\/www.agenciare.site\/index\/wp-json\/wp\/v2\/media?parent=210384"}],"wp:term":[{"taxonomy":"category","embeddable":true,"href":"https:\/\/www.agenciare.site\/index\/wp-json\/wp\/v2\/categories?post=210384"},{"taxonomy":"post_tag","embeddable":true,"href":"https:\/\/www.agenciare.site\/index\/wp-json\/wp\/v2\/tags?post=210384"}],"curies":[{"name":"wp","href":"https:\/\/api.w.org\/{rel}","templated":true}]}}