{"id":210363,"date":"2026-08-29T15:46:30","date_gmt":"2026-08-29T21:46:30","guid":{"rendered":"https:\/\/www.agenciare.site\/index\/?p=210363"},"modified":"2026-08-30T15:47:15","modified_gmt":"2026-08-30T21:47:15","slug":"impulsa-monterrey-movilidad-segura-con-curso-gratuito-para-motociclista","status":"publish","type":"post","link":"https:\/\/www.agenciare.site\/index\/archivos\/210363","title":{"rendered":"Impulsa Monterrey movilidad segura con curso gratuito para motociclista"},"content":{"rendered":"<p>Con el objetivo de promover una movilidad m\u00e1s segura y responsable, el Gobierno de Monterrey imparti\u00f3, este fin de semana, un curso gratuito de manejo de motocicleta, en beneficio de m\u00e1s de 450 regiomontanos.<\/p>\n<p>&nbsp;<\/p>\n<p>El alcalde Adri\u00e1n de la Garza, acompa\u00f1ado de su esposa y presidenta del DIF Monterrey, Gaby Oyervides, supervis\u00f3 el desarrollo de la capacitaci\u00f3n para constatar que los participantes recibieran una atenci\u00f3n adecuada y un entrenamiento efectivo.<\/p>\n<p>&nbsp;<\/p>\n<p>Esta actividad forma parte del programa \u201cManeja Seguro\u201d, impulsado por el Gobierno de Monterrey para brindar a los motociclistas herramientas y conocimientos que les permitan conducir de manera responsable, prevenir accidentes y fortalecer la cultura de la seguridad vial.<\/p>\n<p>&nbsp;<\/p>\n<p>La capacitaci\u00f3n fue impartida por instructores certificados de la empresa Italika, que adem\u00e1s proporcion\u00f3 las motocicletas, cascos, rodilleras y el equipo de seguridad necesario para el desarrollo de las pr\u00e1cticas.<\/p>\n<p>&nbsp;<\/p>\n<p>El presidente municipal resalt\u00f3 la importancia de que quienes utilizan motocicleta cuenten con la preparaci\u00f3n y documentaci\u00f3n necesarias para circular de manera segura y responsable. En este sentido, inform\u00f3 que las personas que concluyeron el curso recibir\u00e1n facilidades para obtener su licencia de motociclista.<\/p>\n<p>&nbsp;<\/p>\n<p>\u201cLa licencia, que es importante porque ustedes adquieren una moto, es importante que est\u00e9 asegurada y para poder tenerla asegurada requieren su licencia. Pueden tener licencia de manejo de veh\u00edculo, pero es diferente a la de moto. Con esta constancia, el Municipio de Monterrey no les va a cobrar nada, est\u00e1 ah\u00ed el subsidio total para todos los que hayan tomado este curso\u201d, se\u00f1al\u00f3.<\/p>\n<p>&nbsp;<\/p>\n<p>La presidenta honoraria del DIF Monterrey, Gaby Oyervides, resalt\u00f3 la importancia de que las personas interesadas en utilizar este medio de transporte cuenten con una preparaci\u00f3n adecuada y aprendan de la mano de profesionales.<\/p>\n<p>&nbsp;<\/p>\n<p>\u201cAdri\u00e1n siempre nos ha pedido un Monterrey para todas y todos, donde todos tengamos las mismas oportunidades. Por eso nacen estos cursos, estos programas tan bonitos que tiene el Gobierno de Monterrey, buscando una mejor calidad de vida y oportunidades para todos los ciudadanos\u201d, coment\u00f3.<\/p>\n<p>&nbsp;<\/p>\n<p>La jornada se llev\u00f3 a cabo en el estacionamiento del Parque Espa\u00f1a y se desarroll\u00f3 de manera escalonada por grupos.<\/p>\n<p>&nbsp;<\/p>\n<p>Los asistentes participaron en m\u00f3dulos te\u00f3ricos, donde recibieron conocimientos sobre cultura y seguridad vial, adem\u00e1s de realizar pr\u00e1cticas mediante simuladores de manejo y ejercicios en un entorno controlado.<\/p>\n<p>&nbsp;<\/p>\n<p>Al concluir la capacitaci\u00f3n, se les entreg\u00f3 una constancia que facilitar\u00e1 el tr\u00e1mite de la licencia de motociclista, al acreditar la realizaci\u00f3n del curso pr\u00e1ctico.<\/p>\n<p>&nbsp;<\/p>\n<p>En el evento estuvieron presentes los secretarios de Administraci\u00f3n, Marcelo Segovia; de Servicios P\u00fablicos, Hugo Salinas; la jefa de Gabinete, Wendy Cordero; la directora general del DIF Monterrey, Ivonne \u00c1lvarez, y el director de Vialidad y Tr\u00e1nsito de Monterrey, Ricardo Gonz\u00e1lez.<\/p>\n<p><img data-recalc-dims=\"1\" loading=\"lazy\" decoding=\"async\" class=\"alignnone wp-image-210365 size-full\" src=\"https:\/\/i0.wp.com\/www.agenciare.site\/index\/wp-content\/uploads\/2026\/08\/IMG-20260829-WA0011-1536x1023-1.jpg?resize=640%2C426\" alt=\"\" width=\"640\" height=\"426\" srcset=\"https:\/\/i0.wp.com\/www.agenciare.site\/index\/wp-content\/uploads\/2026\/08\/IMG-20260829-WA0011-1536x1023-1.jpg?w=1536&amp;ssl=1 1536w, https:\/\/i0.wp.com\/www.agenciare.site\/index\/wp-content\/uploads\/2026\/08\/IMG-20260829-WA0011-1536x1023-1.jpg?resize=768%2C512&amp;ssl=1 768w, https:\/\/i0.wp.com\/www.agenciare.site\/index\/wp-content\/uploads\/2026\/08\/IMG-20260829-WA0011-1536x1023-1.jpg?w=1280 1280w\" sizes=\"auto, (max-width: 640px) 100vw, 640px\" \/><\/p>\n","protected":false},"excerpt":{"rendered":"<p>Con el objetivo de promover una movilidad m\u00e1s segura y responsable, el Gobierno de Monterrey imparti\u00f3, este fin de semana, un curso gratuito de manejo de motocicleta, en beneficio de m\u00e1s de 450 regiomontanos. &nbsp; El alcalde Adri\u00e1n de la Garza, acompa\u00f1ado de su esposa y presidenta del DIF Monterrey, Gaby Oyervides, supervis\u00f3 el desarrollo de la capacitaci\u00f3n para constatar que los participantes recibieran una atenci\u00f3n adecuada y un entrenamiento efectivo. &nbsp; Esta actividad forma parte del programa \u201cManeja Seguro\u201d, impulsado por el Gobierno de Monterrey para brindar a los&hellip;<\/p>\n","protected":false},"author":3,"featured_media":210364,"comment_status":"open","ping_status":"open","sticky":false,"template":"","format":"standard","meta":{"_jetpack_newsletter_access":"","_jetpack_dont_email_post_to_subs":false,"_jetpack_newsletter_tier_id":0,"_jetpack_memberships_contains_paywalled_content":false,"_jetpack_feature_clip_id":0,"_jetpack_memberships_contains_paid_content":false,"footnotes":"","jetpack_post_was_ever_published":false},"categories":[1],"tags":[],"class_list":["post-210363","post","type-post","status-publish","format-standard","has-post-thumbnail","hentry","category-locales"],"gutentor_comment":0,"jetpack_sharing_enabled":true,"jetpack_featured_media_url":"https:\/\/i0.wp.com\/www.agenciare.site\/index\/wp-content\/uploads\/2026\/08\/IMG-20260829-WA0010-800x445-1.jpg?fit=800%2C445&ssl=1","_links":{"self":[{"href":"https:\/\/www.agenciare.site\/index\/wp-json\/wp\/v2\/posts\/210363","targetHints":{"allow":["GET"]}}],"collection":[{"href":"https:\/\/www.agenciare.site\/index\/wp-json\/wp\/v2\/posts"}],"about":[{"href":"https:\/\/www.agenciare.site\/index\/wp-json\/wp\/v2\/types\/post"}],"author":[{"embeddable":true,"href":"https:\/\/www.agenciare.site\/index\/wp-json\/wp\/v2\/users\/3"}],"replies":[{"embeddable":true,"href":"https:\/\/www.agenciare.site\/index\/wp-json\/wp\/v2\/comments?post=210363"}],"version-history":[{"count":1,"href":"https:\/\/www.agenciare.site\/index\/wp-json\/wp\/v2\/posts\/210363\/revisions"}],"predecessor-version":[{"id":210366,"href":"https:\/\/www.agenciare.site\/index\/wp-json\/wp\/v2\/posts\/210363\/revisions\/210366"}],"wp:featuredmedia":[{"embeddable":true,"href":"https:\/\/www.agenciare.site\/index\/wp-json\/wp\/v2\/media\/210364"}],"wp:attachment":[{"href":"https:\/\/www.agenciare.site\/index\/wp-json\/wp\/v2\/media?parent=210363"}],"wp:term":[{"taxonomy":"category","embeddable":true,"href":"https:\/\/www.agenciare.site\/index\/wp-json\/wp\/v2\/categories?post=210363"},{"taxonomy":"post_tag","embeddable":true,"href":"https:\/\/www.agenciare.site\/index\/wp-json\/wp\/v2\/tags?post=210363"}],"curies":[{"name":"wp","href":"https:\/\/api.w.org\/{rel}","templated":true}]}}