{"id":209948,"date":"2026-08-17T00:47:21","date_gmt":"2026-08-17T06:47:21","guid":{"rendered":"https:\/\/www.agenciare.site\/index\/?p=209948"},"modified":"2026-08-18T00:47:35","modified_gmt":"2026-08-18T06:47:35","slug":"gestiona-teser-empleo-a-migrantes","status":"publish","type":"post","link":"https:\/\/www.agenciare.site\/index\/archivos\/209948","title":{"rendered":"Gestiona TESER empleo a migrantes"},"content":{"rendered":"<div class=\"msg-body P_wpofO mq_AS\" data-test-id=\"message-view-body-content\">\n<div class=\"jb_0 X_6MGW N_6Fd5\">\n<div id=\"yiv3476865926\">\n<div class=\"yiv3476865926yahoo-style-wrap\">\n<div id=\"yiv3476865926ydpcd036757yahoo_quoted_7474315005\" class=\"yiv3476865926ydpcd036757yahoo_quoted\">\n<div id=\"yiv3476865926ydpcd036757yiv5001018599\">\n<div class=\"yiv3476865926ydpcd036757yiv5001018599yahoo-style-wrap\">\n<div dir=\"ltr\">\n<div class=\"yiv3476865926ydpcd036757yiv5001018599ydpd774086bpasted-link\">\n<div class=\"yiv3476865926ydpcd036757yiv5001018599ydpd774086bx14z9mp yiv3476865926ydpcd036757yiv5001018599ydpd774086bxat24cr yiv3476865926ydpcd036757yiv5001018599ydpd774086bx1lziwak yiv3476865926ydpcd036757yiv5001018599ydpd774086bx1vvkbs yiv3476865926ydpcd036757yiv5001018599ydpd774086bxtlvy1s yiv3476865926ydpcd036757yiv5001018599ydpd774086bx126k92a\">\n<div dir=\"ltr\">\n<div class=\"yiv3476865926ydpcd036757yiv5001018599ydpcd7d1b78pasted-link\">\n<div class=\"yiv3476865926ydpcd036757yiv5001018599ydpcd7d1b78x14z9mp yiv3476865926ydpcd036757yiv5001018599ydpcd7d1b78xat24cr yiv3476865926ydpcd036757yiv5001018599ydpcd7d1b78x1lziwak yiv3476865926ydpcd036757yiv5001018599ydpcd7d1b78x1vvkbs yiv3476865926ydpcd036757yiv5001018599ydpcd7d1b78xtlvy1s yiv3476865926ydpcd036757yiv5001018599ydpcd7d1b78x126k92a\">\n<div dir=\"ltr\">\n<div class=\"yiv3476865926ydpcd036757yiv5001018599ydp2c573685pasted-link\">\n<div class=\"yiv3476865926ydpcd036757yiv5001018599ydp2c573685x14z9mp yiv3476865926ydpcd036757yiv5001018599ydp2c573685xat24cr yiv3476865926ydpcd036757yiv5001018599ydp2c573685x1lziwak yiv3476865926ydpcd036757yiv5001018599ydp2c573685x1vvkbs yiv3476865926ydpcd036757yiv5001018599ydp2c573685xtlvy1s yiv3476865926ydpcd036757yiv5001018599ydp2c573685x126k92a\">\n<div dir=\"ltr\">\n<div>Esta semana, adem\u00e1s de los apoyos sociales entregados, nos plantearon peticiones de empleo de hermanos migrantes, inform\u00f3 el presidente de las Organizaciones Vecinales TESER, Osvaldo Serna Serv\u00edn.<\/div>\n<div><\/div>\n<p class=\"yiv3476865926ydpcd036757yiv5001018599ydp45b91f26MsoNormal\">Vecinos y vecinas de San Nicol\u00e1s de los Garza,. seguidores de nuestra p\u00e1gina en Facebook, nos llamaron solicitando nuestra presencia y les hemos llevado despensas, explic\u00f3 el tambi\u00e9n secretario del Transporte de la CROC.<\/p>\n<p class=\"yiv3476865926ydpcd036757yiv5001018599ydp45b91f26MsoNormal\">En el di\u00e1logo, surgieron necesidades de trabajo de personas originarias de Cuba y con gusto las recibimos en nuestra sede en la CROC para materializarles un puesto de trabajo en empresas, detall\u00f3.<\/p>\n<p class=\"yiv3476865926ydpcd036757yiv5001018599ydp45b91f26MsoNormal\">&#8220;Esta semana estuvimos recorriendo la colonia Constituyentes de Quer\u00e9taro, en San Nicol\u00e1s de los Garza, escuchando a nuestros vecinos y llevando apoyos alimentarios y diversos beneficios para las familias de la comunidad.<\/p>\n<\/div>\n<\/div>\n<\/div>\n<\/div>\n<\/div>\n<\/div>\n<\/div>\n<\/div>\n<div class=\"yiv3476865926ydpcd036757yiv5001018599ydpd774086bx14z9mp yiv3476865926ydpcd036757yiv5001018599ydpd774086bxat24cr yiv3476865926ydpcd036757yiv5001018599ydpd774086bx1lziwak yiv3476865926ydpcd036757yiv5001018599ydpd774086bx1vvkbs yiv3476865926ydpcd036757yiv5001018599ydpd774086bxtlvy1s yiv3476865926ydpcd036757yiv5001018599ydpd774086bx126k92a\">\n<div><span class=\"yiv3476865926ydpcd036757yiv5001018599ydpd774086bhtml-span yiv3476865926ydpcd036757yiv5001018599ydpd774086bxexx8yu yiv3476865926ydpcd036757yiv5001018599ydpd774086bxyri2b yiv3476865926ydpcd036757yiv5001018599ydpd774086bx18d9i69 yiv3476865926ydpcd036757yiv5001018599ydpd774086bx1c1uobl yiv3476865926ydpcd036757yiv5001018599ydpd774086bx1hl2dhg yiv3476865926ydpcd036757yiv5001018599ydpd774086bx16tdsg8 yiv3476865926ydpcd036757yiv5001018599ydpd774086bx1vvkbs yiv3476865926ydpcd036757yiv5001018599ydpd774086bx3nfvp2 yiv3476865926ydpcd036757yiv5001018599ydpd774086bx1j61x8r yiv3476865926ydpcd036757yiv5001018599ydpd774086bx1fcty0u yiv3476865926ydpcd036757yiv5001018599ydpd774086bxdj266r yiv3476865926ydpcd036757yiv5001018599ydpd774086bxat24cr yiv3476865926ydpcd036757yiv5001018599ydpd774086bxm2jcoa yiv3476865926ydpcd036757yiv5001018599ydpd774086bx1mpyi22 yiv3476865926ydpcd036757yiv5001018599ydpd774086bxxymvpz yiv3476865926ydpcd036757yiv5001018599ydpd774086bxlup9mm yiv3476865926ydpcd036757yiv5001018599ydpd774086bx1kky2od\">&#8220;<\/span>En esta jornada tambi\u00e9n brindamos apoyo a residentes provenientes de Cuba, reafirmando que nuestro compromiso es ayudar a las personas con solidaridad, respeto y sentido humano, sin importar su lugar de origen.<\/div>\n<div><\/div>\n<\/div>\n<div class=\"yiv3476865926ydpcd036757yiv5001018599ydpd774086bx14z9mp yiv3476865926ydpcd036757yiv5001018599ydpd774086bxat24cr yiv3476865926ydpcd036757yiv5001018599ydpd774086bx1lziwak yiv3476865926ydpcd036757yiv5001018599ydpd774086bx1vvkbs yiv3476865926ydpcd036757yiv5001018599ydpd774086bxtlvy1s yiv3476865926ydpcd036757yiv5001018599ydpd774086bx126k92a\">\n<div dir=\"ltr\">&#8220;Continuamos fortaleciendo el trabajo en territorio, escuchando las necesidades de la ciudadan\u00eda y gestionando apoyos para quienes m\u00e1s lo necesitan&#8221;, concluy\u00f3 Serna Serv\u00edn.<\/div>\n<\/div>\n<\/div>\n<\/div>\n<\/div>\n<\/div>\n<\/div>\n<\/div>\n<\/div>\n<\/div>\n<\/div>\n<div class=\"jb_0 X_6MGW N_6Fd5\">\n<div class=\"P_0 je_fq7\"><\/div>\n<\/div>\n","protected":false},"excerpt":{"rendered":"<p>Esta semana, adem\u00e1s de los apoyos sociales entregados, nos plantearon peticiones de empleo de hermanos migrantes, inform\u00f3 el presidente de las Organizaciones Vecinales TESER, Osvaldo Serna Serv\u00edn. Vecinos y vecinas de San Nicol\u00e1s de los Garza,. seguidores de nuestra p\u00e1gina en Facebook, nos llamaron solicitando nuestra presencia y les hemos llevado despensas, explic\u00f3 el tambi\u00e9n secretario del Transporte de la CROC. En el di\u00e1logo, surgieron necesidades de trabajo de personas originarias de Cuba y con gusto las recibimos en nuestra sede en la CROC para materializarles un puesto de trabajo&hellip;<\/p>\n","protected":false},"author":3,"featured_media":209949,"comment_status":"open","ping_status":"open","sticky":false,"template":"","format":"standard","meta":{"_jetpack_newsletter_access":"","_jetpack_dont_email_post_to_subs":false,"_jetpack_newsletter_tier_id":0,"_jetpack_memberships_contains_paywalled_content":false,"_jetpack_feature_clip_id":0,"_jetpack_memberships_contains_paid_content":false,"footnotes":"","jetpack_post_was_ever_published":false},"categories":[1],"tags":[],"class_list":["post-209948","post","type-post","status-publish","format-standard","has-post-thumbnail","hentry","category-locales"],"gutentor_comment":0,"jetpack_sharing_enabled":true,"jetpack_featured_media_url":"https:\/\/i0.wp.com\/www.agenciare.site\/index\/wp-content\/uploads\/2026\/08\/773580530_1530451809118068_1920083418534581355_n.jpg?fit=2048%2C1536&ssl=1","_links":{"self":[{"href":"https:\/\/www.agenciare.site\/index\/wp-json\/wp\/v2\/posts\/209948","targetHints":{"allow":["GET"]}}],"collection":[{"href":"https:\/\/www.agenciare.site\/index\/wp-json\/wp\/v2\/posts"}],"about":[{"href":"https:\/\/www.agenciare.site\/index\/wp-json\/wp\/v2\/types\/post"}],"author":[{"embeddable":true,"href":"https:\/\/www.agenciare.site\/index\/wp-json\/wp\/v2\/users\/3"}],"replies":[{"embeddable":true,"href":"https:\/\/www.agenciare.site\/index\/wp-json\/wp\/v2\/comments?post=209948"}],"version-history":[{"count":1,"href":"https:\/\/www.agenciare.site\/index\/wp-json\/wp\/v2\/posts\/209948\/revisions"}],"predecessor-version":[{"id":209950,"href":"https:\/\/www.agenciare.site\/index\/wp-json\/wp\/v2\/posts\/209948\/revisions\/209950"}],"wp:featuredmedia":[{"embeddable":true,"href":"https:\/\/www.agenciare.site\/index\/wp-json\/wp\/v2\/media\/209949"}],"wp:attachment":[{"href":"https:\/\/www.agenciare.site\/index\/wp-json\/wp\/v2\/media?parent=209948"}],"wp:term":[{"taxonomy":"category","embeddable":true,"href":"https:\/\/www.agenciare.site\/index\/wp-json\/wp\/v2\/categories?post=209948"},{"taxonomy":"post_tag","embeddable":true,"href":"https:\/\/www.agenciare.site\/index\/wp-json\/wp\/v2\/tags?post=209948"}],"curies":[{"name":"wp","href":"https:\/\/api.w.org\/{rel}","templated":true}]}}